{"id":1007,"date":"2023-02-01T07:39:14","date_gmt":"2023-02-01T07:39:14","guid":{"rendered":"https:\/\/krisesamband.no\/?p=1007"},"modified":"2023-02-01T07:39:14","modified_gmt":"2023-02-01T07:39:14","slug":"sff-2023-temaer-og-forlenget-frist","status":"publish","type":"post","link":"https:\/\/krisesamband.no\/?p=1007","title":{"rendered":"SFF 2023, temaer og forlenget frist"},"content":{"rendered":"<p>P\u00e5meldingene har rent inn i de siste dagene, og vi har plass til flere!<br \/>\nN\u00e5 har programkomiteen satt opp programmet (tidspunkter er ikke 100% l\u00e5st s\u00e5 derfor sendes ikke det n\u00e5).<\/p>\n<p>Det blir en god blanding av tekniske fag, praksis og vi legger opp til en god bolk med viktige diskusjonstemaer.<br \/>\n* P\u00e5 l\u00f8rdag f\u00e5r vi bes\u00f8k av J\u00f8rn Halvorsen, prosjektleder i FORF for GS-s\u00f8knadene.<br \/>\n* Det blir \u00abkick-off\u00bb for revisjon av \u00abarbeidsgruppens rapport\u00bb som er det styrende dokumentet for sambandstjenesten<br \/>\n* President Thomas LA3PNA deltar l\u00f8rdag og s\u00f8ndag<br \/>\n* Vi f\u00e5r m\u00f8te den nytilsatte i NRRL Sambandstjenesten<\/p>\n<p>UTSATT FRIST FOR P\u00c5MELDING:\u00a0 s\u00f8ndag 5. februar\u00a0 (og den er absolutt)<\/p>\n<p>&nbsp;<\/p>\n<p>For NRRL Sambandstjenesten<br \/>\nLA6ETA Henrik<\/p>\n<p>Vedlagt fra programkomiteen<br \/>\n------------<\/p>\n<p>&nbsp;<\/p>\n<p>Program til SFF vil inneholde f\u00f8lgende punkter, og v\u00e6re en blanding av b\u00e5de teori og praksis. (det tas forbehold om at endringer kan oppst\u00e5)<\/p>\n<p>Fredag:<br \/>\n- Velkommen og informasjon fra Sambandstjenesten<br \/>\n- \u00abNorge rundt\u00bb - Hva skjer lokalt?<\/p>\n<p>L\u00f8rdag:<br \/>\n- Arbeidsgruppens rapport \u2013 Oppstart av arbeidsprosess<br \/>\n- FORF \u2013 Bedre lokal beredskap<br \/>\n- Fagleder n\u00f8dnett \u2013 Praktisk bruk av ny gateway<br \/>\n- Oppl\u00e6ringsbehov \u2013 Kartlegging og behov<\/p>\n<p>S\u00f8ndag:<\/p>\n<p>- Fagleder signalspor \u2013 signalspor i praksis<br \/>\n- PolaricTracker 2.0<\/p>\n<p>&nbsp;<\/p>\n<p>Noen av emnene som skal tas opp vil v\u00e6re diskusjonssaker hvor deltakerne p\u00e5 SFF f\u00e5r mulighet til \u00e5 komme med innspill som vil v\u00e6re viktige for videre arbeid.<\/p>\n<p>Sambandstjenesten har f\u00e5tt oppdrag fra hovedstyret om \u00e5 se p\u00e5 behovet for revisjon av arbeidsgruppens rapport.<\/p>\n<p>Vi kommer ogs\u00e5 til \u00e5 ta opp temaet rundt oppl\u00e6ring, b\u00e5de n\u00e5r det gjelder behov for tema og metode.<\/p>\n<p>SFF2023 vil ha mulighet til \u00e5 komme med viktige innspill til videre prosesser i Sambandstjenesten.<\/p>\n<p>&nbsp;<\/p>\n<p>--<\/p>\n","protected":false},"excerpt":{"rendered":"<p>P\u00e5meldingene har rent inn i de siste dagene, og vi har plass til flere! N\u00e5 har programkomiteen satt opp programmet (tidspunkter er ikke 100% l\u00e5st s\u00e5 derfor sendes ikke det n\u00e5). Det blir en god blanding av tekniske fag, praksis og vi legger opp til en god bolk med viktige diskusjonstemaer. * P\u00e5 l\u00f8rdag f\u00e5r <a href=\"https:\/\/krisesamband.no\/?p=1007\" class=\"more-link\">\u2026 fortsett \u00e5 lese<span class=\"screen-reader-text\"> \u00abSFF 2023, temaer og forlenget frist\u00bb<\/span><\/a><\/p>\n","protected":false},"author":10,"featured_media":0,"comment_status":"open","ping_status":"open","sticky":false,"template":"","format":"standard","meta":{"footnotes":""},"categories":[1],"tags":[13],"class_list":{"0":"post-1007","1":"post","2":"type-post","3":"status-publish","4":"format-standard","6":"category-sbi","7":"tag-sambandsfaglig-forum","8":"h-entry","9":"hentry","10":"h-as-article"},"_links":{"self":[{"href":"https:\/\/krisesamband.no\/index.php?rest_route=\/wp\/v2\/posts\/1007","targetHints":{"allow":["GET"]}}],"collection":[{"href":"https:\/\/krisesamband.no\/index.php?rest_route=\/wp\/v2\/posts"}],"about":[{"href":"https:\/\/krisesamband.no\/index.php?rest_route=\/wp\/v2\/types\/post"}],"author":[{"embeddable":true,"href":"https:\/\/krisesamband.no\/index.php?rest_route=\/wp\/v2\/users\/10"}],"replies":[{"embeddable":true,"href":"https:\/\/krisesamband.no\/index.php?rest_route=%2Fwp%2Fv2%2Fcomments&post=1007"}],"version-history":[{"count":2,"href":"https:\/\/krisesamband.no\/index.php?rest_route=\/wp\/v2\/posts\/1007\/revisions"}],"predecessor-version":[{"id":1009,"href":"https:\/\/krisesamband.no\/index.php?rest_route=\/wp\/v2\/posts\/1007\/revisions\/1009"}],"wp:attachment":[{"href":"https:\/\/krisesamband.no\/index.php?rest_route=%2Fwp%2Fv2%2Fmedia&parent=1007"}],"wp:term":[{"taxonomy":"category","embeddable":true,"href":"https:\/\/krisesamband.no\/index.php?rest_route=%2Fwp%2Fv2%2Fcategories&post=1007"},{"taxonomy":"post_tag","embeddable":true,"href":"https:\/\/krisesamband.no\/index.php?rest_route=%2Fwp%2Fv2%2Ftags&post=1007"}],"curies":[{"name":"wp","href":"https:\/\/api.w.org\/{rel}","templated":true}]}}