{"id":1027,"date":"2023-02-14T17:19:25","date_gmt":"2023-02-14T17:19:25","guid":{"rendered":"https:\/\/krisesamband.no\/?p=1027"},"modified":"2023-02-14T17:19:25","modified_gmt":"2023-02-14T17:19:25","slug":"hjerkinn-fjellstue-pa-lufta-14-2-23","status":"publish","type":"post","link":"https:\/\/krisesamband.no\/?p=1027","title":{"rendered":"Hjerkinn Fjellstue p\u00e5 lufta 14.2.23"},"content":{"rendered":"<p>I dag monterte vi et vhf-radioanlegg med n\u00f8dstr\u00f8m p\u00e5 Hjerkinn Fjellstue. Per Holsbrekken og Knut Arne Berge fra Lesja og Dovre brannvesen gjorde jobben med antenneinstallasjon i h\u00f8yden. Antenna p\u00e5 toppen av master\u00f8ret er fra den finske produsenten <a href=\"https:\/\/www.christech.no\/antenner\/1088-areial-av-1312-2-150fn1-137-165mhz.html\">Aerial OY <\/a>og t\u00e5ler d\u00e5rlig v\u00e6r og vind. Meget solid. P\u00e5 radiosiden er det en <a href=\"https:\/\/www.christech.no\/vhf-uhf-radio-\/529-yaesu-ftm-3100e.html\">Yaesu FTM 3100<\/a> som leverer signaler til Innlandsnettet. N\u00f8dstr\u00f8msbatteriet er fra SunWind og har 136 AH som vedlikeholdes av en Defa smartlader. Det er ogs\u00e5 et vanlig power p\u00e5 hylla. Antennekabelen er en LMR400 med skruplugger fra Messi og Paolini. Hjertelig takk til ChrisTech AS for handel av alt nevnte utstyr , og ikke minst service av beste sort.<\/p>\n<p>F\u00f8rste QSO fra Hjerkinn Fjellstue sitt nymonterte anlegg ble mellom LB4CD og LA3TR\/P p\u00e5 Eldridbu. Takk for testen. Tron er marginal inn, mens Geitberget er i synsfeltet og selvsagt krutsterk.<\/p>\n<p>For de fastboende i dette omr\u00e5det betyr dette at de har Hjerkinn Fjellstue som et kommunikasjonspunkt i n\u00f8dsammenheng i tilfelle ekom-utfall.<\/p>\n<p>I dag var det sol og vindstilt p\u00e5 fjellet, s\u00e5 en utmerket dag for montering!<\/p>\n<p>Takk til LB6SE Svein for kj\u00f8ring, bakst og Farris! Ugh.<\/p>\n<p><img loading=\"lazy\" decoding=\"async\" class=\"alignnone size-medium wp-image-1028\" src=\"https:\/\/krisesamband.no\/wp-content\/uploads\/2023\/02\/LB6SE-med-Geitberget-i-bakgrunnen-300x300.jpg\" alt=\"\" width=\"300\" height=\"300\" srcset=\"https:\/\/krisesamband.no\/wp-content\/uploads\/2023\/02\/LB6SE-med-Geitberget-i-bakgrunnen-300x300.jpg 300w, https:\/\/krisesamband.no\/wp-content\/uploads\/2023\/02\/LB6SE-med-Geitberget-i-bakgrunnen-1024x1024.jpg 1024w, https:\/\/krisesamband.no\/wp-content\/uploads\/2023\/02\/LB6SE-med-Geitberget-i-bakgrunnen-150x150.jpg 150w, https:\/\/krisesamband.no\/wp-content\/uploads\/2023\/02\/LB6SE-med-Geitberget-i-bakgrunnen-768x768.jpg 768w, https:\/\/krisesamband.no\/wp-content\/uploads\/2023\/02\/LB6SE-med-Geitberget-i-bakgrunnen-1536x1536.jpg 1536w, https:\/\/krisesamband.no\/wp-content\/uploads\/2023\/02\/LB6SE-med-Geitberget-i-bakgrunnen-2048x2048.jpg 2048w, https:\/\/krisesamband.no\/wp-content\/uploads\/2023\/02\/LB6SE-med-Geitberget-i-bakgrunnen-960x960.jpg 960w\" sizes=\"auto, (max-width: 300px) 100vw, 300px\" \/> <img loading=\"lazy\" decoding=\"async\" class=\"alignnone size-medium wp-image-1029\" src=\"https:\/\/krisesamband.no\/wp-content\/uploads\/2023\/02\/Per-og-Knut-Arne-i-lift-300x300.jpg\" alt=\"\" width=\"300\" height=\"300\" srcset=\"https:\/\/krisesamband.no\/wp-content\/uploads\/2023\/02\/Per-og-Knut-Arne-i-lift-300x300.jpg 300w, https:\/\/krisesamband.no\/wp-content\/uploads\/2023\/02\/Per-og-Knut-Arne-i-lift-1024x1024.jpg 1024w, https:\/\/krisesamband.no\/wp-content\/uploads\/2023\/02\/Per-og-Knut-Arne-i-lift-150x150.jpg 150w, https:\/\/krisesamband.no\/wp-content\/uploads\/2023\/02\/Per-og-Knut-Arne-i-lift-768x768.jpg 768w, https:\/\/krisesamband.no\/wp-content\/uploads\/2023\/02\/Per-og-Knut-Arne-i-lift-960x960.jpg 960w, https:\/\/krisesamband.no\/wp-content\/uploads\/2023\/02\/Per-og-Knut-Arne-i-lift-rotated.jpg 1448w\" sizes=\"auto, (max-width: 300px) 100vw, 300px\" \/> <img loading=\"lazy\" decoding=\"async\" class=\"alignnone size-medium wp-image-1030\" src=\"https:\/\/krisesamband.no\/wp-content\/uploads\/2023\/02\/Yaesu-og-power-hjerkinn-300x300.jpg\" alt=\"\" width=\"300\" height=\"300\" srcset=\"https:\/\/krisesamband.no\/wp-content\/uploads\/2023\/02\/Yaesu-og-power-hjerkinn-300x300.jpg 300w, https:\/\/krisesamband.no\/wp-content\/uploads\/2023\/02\/Yaesu-og-power-hjerkinn-1024x1024.jpg 1024w, https:\/\/krisesamband.no\/wp-content\/uploads\/2023\/02\/Yaesu-og-power-hjerkinn-150x150.jpg 150w, https:\/\/krisesamband.no\/wp-content\/uploads\/2023\/02\/Yaesu-og-power-hjerkinn-768x768.jpg 768w, https:\/\/krisesamband.no\/wp-content\/uploads\/2023\/02\/Yaesu-og-power-hjerkinn-960x960.jpg 960w, https:\/\/krisesamband.no\/wp-content\/uploads\/2023\/02\/Yaesu-og-power-hjerkinn-rotated.jpg 1448w\" sizes=\"auto, (max-width: 300px) 100vw, 300px\" \/><img loading=\"lazy\" decoding=\"async\" class=\"alignnone size-medium wp-image-1031\" src=\"https:\/\/krisesamband.no\/wp-content\/uploads\/2023\/02\/LB4CD-forste-QSO-hjerkinn-300x300.jpg\" alt=\"\" width=\"300\" height=\"300\" srcset=\"https:\/\/krisesamband.no\/wp-content\/uploads\/2023\/02\/LB4CD-forste-QSO-hjerkinn-300x300.jpg 300w, https:\/\/krisesamband.no\/wp-content\/uploads\/2023\/02\/LB4CD-forste-QSO-hjerkinn-1024x1024.jpg 1024w, https:\/\/krisesamband.no\/wp-content\/uploads\/2023\/02\/LB4CD-forste-QSO-hjerkinn-150x150.jpg 150w, https:\/\/krisesamband.no\/wp-content\/uploads\/2023\/02\/LB4CD-forste-QSO-hjerkinn-768x768.jpg 768w, https:\/\/krisesamband.no\/wp-content\/uploads\/2023\/02\/LB4CD-forste-QSO-hjerkinn-1536x1536.jpg 1536w, https:\/\/krisesamband.no\/wp-content\/uploads\/2023\/02\/LB4CD-forste-QSO-hjerkinn-2048x2048.jpg 2048w, https:\/\/krisesamband.no\/wp-content\/uploads\/2023\/02\/LB4CD-forste-QSO-hjerkinn-960x960.jpg 960w\" sizes=\"auto, (max-width: 300px) 100vw, 300px\" \/><\/p>\n","protected":false},"excerpt":{"rendered":"<p>I dag monterte vi et vhf-radioanlegg med n\u00f8dstr\u00f8m p\u00e5 Hjerkinn Fjellstue. Per Holsbrekken og Knut Arne Berge fra Lesja og Dovre brannvesen gjorde jobben med antenneinstallasjon i h\u00f8yden. Antenna p\u00e5 toppen av master\u00f8ret er fra den finske produsenten Aerial OY og t\u00e5ler d\u00e5rlig v\u00e6r og vind. Meget solid. P\u00e5 radiosiden er det en Yaesu FTM <a href=\"https:\/\/krisesamband.no\/?p=1027\" class=\"more-link\">\u2026 fortsett \u00e5 lese<span class=\"screen-reader-text\"> \u00abHjerkinn Fjellstue p\u00e5 lufta 14.2.23\u00bb<\/span><\/a><\/p>\n","protected":false},"author":4,"featured_media":1032,"comment_status":"open","ping_status":"open","sticky":false,"template":"","format":"standard","meta":{"footnotes":""},"categories":[1],"tags":[17],"class_list":{"0":"post-1027","1":"post","2":"type-post","3":"status-publish","4":"format-standard","5":"has-post-thumbnail","7":"category-sbi","8":"tag-hjerkinn-fjellstue","9":"h-entry","10":"hentry","11":"h-as-article"},"_links":{"self":[{"href":"https:\/\/krisesamband.no\/index.php?rest_route=\/wp\/v2\/posts\/1027","targetHints":{"allow":["GET"]}}],"collection":[{"href":"https:\/\/krisesamband.no\/index.php?rest_route=\/wp\/v2\/posts"}],"about":[{"href":"https:\/\/krisesamband.no\/index.php?rest_route=\/wp\/v2\/types\/post"}],"author":[{"embeddable":true,"href":"https:\/\/krisesamband.no\/index.php?rest_route=\/wp\/v2\/users\/4"}],"replies":[{"embeddable":true,"href":"https:\/\/krisesamband.no\/index.php?rest_route=%2Fwp%2Fv2%2Fcomments&post=1027"}],"version-history":[{"count":1,"href":"https:\/\/krisesamband.no\/index.php?rest_route=\/wp\/v2\/posts\/1027\/revisions"}],"predecessor-version":[{"id":1033,"href":"https:\/\/krisesamband.no\/index.php?rest_route=\/wp\/v2\/posts\/1027\/revisions\/1033"}],"wp:featuredmedia":[{"embeddable":true,"href":"https:\/\/krisesamband.no\/index.php?rest_route=\/wp\/v2\/media\/1032"}],"wp:attachment":[{"href":"https:\/\/krisesamband.no\/index.php?rest_route=%2Fwp%2Fv2%2Fmedia&parent=1027"}],"wp:term":[{"taxonomy":"category","embeddable":true,"href":"https:\/\/krisesamband.no\/index.php?rest_route=%2Fwp%2Fv2%2Fcategories&post=1027"},{"taxonomy":"post_tag","embeddable":true,"href":"https:\/\/krisesamband.no\/index.php?rest_route=%2Fwp%2Fv2%2Ftags&post=1027"}],"curies":[{"name":"wp","href":"https:\/\/api.w.org\/{rel}","templated":true}]}}