{"id":1257,"date":"2023-11-20T20:14:37","date_gmt":"2023-11-20T20:14:37","guid":{"rendered":"https:\/\/krisesamband.no\/?p=1257"},"modified":"2023-11-20T20:15:09","modified_gmt":"2023-11-20T20:15:09","slug":"sambandsmote-dombas-20-november-23","status":"publish","type":"post","link":"https:\/\/krisesamband.no\/?p=1257","title":{"rendered":"Sambandsm\u00f8te Domb\u00e5s 20.november 23"},"content":{"rendered":"<p>I dag var det utpakking av FORF-utstyr som skal plasseres p\u00e5 Innlandet og driftes av oss.De som m\u00f8ttes p\u00e5 beredskapssenteret Domb\u00e5s i kveld var: LA3TR Thor Ove, LA8NJA Torgeir, LB4GH Torkell og LB4CD Ola-Matti.<\/p>\n<p>Utstyret er:<\/p>\n<p>2 Starlink-antenner<\/p>\n<p>2 aggregater<\/p>\n<p>2 kasser<\/p>\n<p>2 kabeltromler<\/p>\n<p>M\u00e5let er \u00e5 kunne levere internett i KO over hele Innlandet uavhengig av str\u00f8m og telenett.<\/p>\n<p>Detaljer om lagring og rutiner kommer senere. Vi har kun pakka ut og rydda litt. Det blir test s\u00e5 snart det er klart med abonnementer etc.<\/p>\n<p><img loading=\"lazy\" decoding=\"async\" class=\"alignnone size-medium wp-image-1258\" src=\"https:\/\/krisesamband.no\/wp-content\/uploads\/2023\/11\/Champion-2.2kw-aggregater-20-nov-23-225x300.jpg\" alt=\"\" width=\"225\" height=\"300\" srcset=\"https:\/\/krisesamband.no\/wp-content\/uploads\/2023\/11\/Champion-2.2kw-aggregater-20-nov-23-225x300.jpg 225w, https:\/\/krisesamband.no\/wp-content\/uploads\/2023\/11\/Champion-2.2kw-aggregater-20-nov-23-768x1024.jpg 768w, https:\/\/krisesamband.no\/wp-content\/uploads\/2023\/11\/Champion-2.2kw-aggregater-20-nov-23-1152x1536.jpg 1152w, https:\/\/krisesamband.no\/wp-content\/uploads\/2023\/11\/Champion-2.2kw-aggregater-20-nov-23-1536x2048.jpg 1536w, https:\/\/krisesamband.no\/wp-content\/uploads\/2023\/11\/Champion-2.2kw-aggregater-20-nov-23-960x1280.jpg 960w, https:\/\/krisesamband.no\/wp-content\/uploads\/2023\/11\/Champion-2.2kw-aggregater-20-nov-23-scaled.jpg 1920w\" sizes=\"auto, (max-width: 225px) 100vw, 225px\" \/> <img loading=\"lazy\" decoding=\"async\" class=\"alignnone size-medium wp-image-1259\" src=\"https:\/\/krisesamband.no\/wp-content\/uploads\/2023\/11\/Starlink-antenne-FORF-20.nov-23-225x300.jpg\" alt=\"\" width=\"225\" height=\"300\" srcset=\"https:\/\/krisesamband.no\/wp-content\/uploads\/2023\/11\/Starlink-antenne-FORF-20.nov-23-225x300.jpg 225w, https:\/\/krisesamband.no\/wp-content\/uploads\/2023\/11\/Starlink-antenne-FORF-20.nov-23-768x1024.jpg 768w, https:\/\/krisesamband.no\/wp-content\/uploads\/2023\/11\/Starlink-antenne-FORF-20.nov-23-1152x1536.jpg 1152w, https:\/\/krisesamband.no\/wp-content\/uploads\/2023\/11\/Starlink-antenne-FORF-20.nov-23-1536x2048.jpg 1536w, https:\/\/krisesamband.no\/wp-content\/uploads\/2023\/11\/Starlink-antenne-FORF-20.nov-23-960x1280.jpg 960w, https:\/\/krisesamband.no\/wp-content\/uploads\/2023\/11\/Starlink-antenne-FORF-20.nov-23-scaled.jpg 1920w\" sizes=\"auto, (max-width: 225px) 100vw, 225px\" \/> <img loading=\"lazy\" decoding=\"async\" class=\"alignnone size-medium wp-image-1260\" src=\"https:\/\/krisesamband.no\/wp-content\/uploads\/2023\/11\/Starlink-bakside-20.nov-23-225x300.jpg\" alt=\"\" width=\"225\" height=\"300\" srcset=\"https:\/\/krisesamband.no\/wp-content\/uploads\/2023\/11\/Starlink-bakside-20.nov-23-225x300.jpg 225w, https:\/\/krisesamband.no\/wp-content\/uploads\/2023\/11\/Starlink-bakside-20.nov-23-768x1024.jpg 768w, https:\/\/krisesamband.no\/wp-content\/uploads\/2023\/11\/Starlink-bakside-20.nov-23-1152x1536.jpg 1152w, https:\/\/krisesamband.no\/wp-content\/uploads\/2023\/11\/Starlink-bakside-20.nov-23-1536x2048.jpg 1536w, https:\/\/krisesamband.no\/wp-content\/uploads\/2023\/11\/Starlink-bakside-20.nov-23-960x1280.jpg 960w, https:\/\/krisesamband.no\/wp-content\/uploads\/2023\/11\/Starlink-bakside-20.nov-23-scaled.jpg 1920w\" sizes=\"auto, (max-width: 225px) 100vw, 225px\" \/><\/p>\n<p>&nbsp;<\/p>\n","protected":false},"excerpt":{"rendered":"<p>I dag var det utpakking av FORF-utstyr som skal plasseres p\u00e5 Innlandet og driftes av oss.De som m\u00f8ttes p\u00e5 beredskapssenteret Domb\u00e5s i kveld var: LA3TR Thor Ove, LA8NJA Torgeir, LB4GH Torkell og LB4CD Ola-Matti. Utstyret er: 2 Starlink-antenner 2 aggregater 2 kasser 2 kabeltromler M\u00e5let er \u00e5 kunne levere internett i KO over hele Innlandet <a href=\"https:\/\/krisesamband.no\/?p=1257\" class=\"more-link\">\u2026 fortsett \u00e5 lese<span class=\"screen-reader-text\"> \u00abSambandsm\u00f8te Domb\u00e5s 20.november 23\u00bb<\/span><\/a><\/p>\n","protected":false},"author":4,"featured_media":1260,"comment_status":"open","ping_status":"open","sticky":false,"template":"","format":"standard","meta":{"footnotes":""},"categories":[1],"tags":[21],"class_list":{"0":"post-1257","1":"post","2":"type-post","3":"status-publish","4":"format-standard","5":"has-post-thumbnail","7":"category-sbi","8":"tag-sambandsmote","9":"h-entry","10":"hentry","11":"h-as-article"},"_links":{"self":[{"href":"https:\/\/krisesamband.no\/index.php?rest_route=\/wp\/v2\/posts\/1257","targetHints":{"allow":["GET"]}}],"collection":[{"href":"https:\/\/krisesamband.no\/index.php?rest_route=\/wp\/v2\/posts"}],"about":[{"href":"https:\/\/krisesamband.no\/index.php?rest_route=\/wp\/v2\/types\/post"}],"author":[{"embeddable":true,"href":"https:\/\/krisesamband.no\/index.php?rest_route=\/wp\/v2\/users\/4"}],"replies":[{"embeddable":true,"href":"https:\/\/krisesamband.no\/index.php?rest_route=%2Fwp%2Fv2%2Fcomments&post=1257"}],"version-history":[{"count":1,"href":"https:\/\/krisesamband.no\/index.php?rest_route=\/wp\/v2\/posts\/1257\/revisions"}],"predecessor-version":[{"id":1261,"href":"https:\/\/krisesamband.no\/index.php?rest_route=\/wp\/v2\/posts\/1257\/revisions\/1261"}],"wp:featuredmedia":[{"embeddable":true,"href":"https:\/\/krisesamband.no\/index.php?rest_route=\/wp\/v2\/media\/1260"}],"wp:attachment":[{"href":"https:\/\/krisesamband.no\/index.php?rest_route=%2Fwp%2Fv2%2Fmedia&parent=1257"}],"wp:term":[{"taxonomy":"category","embeddable":true,"href":"https:\/\/krisesamband.no\/index.php?rest_route=%2Fwp%2Fv2%2Fcategories&post=1257"},{"taxonomy":"post_tag","embeddable":true,"href":"https:\/\/krisesamband.no\/index.php?rest_route=%2Fwp%2Fv2%2Ftags&post=1257"}],"curies":[{"name":"wp","href":"https:\/\/api.w.org\/{rel}","templated":true}]}}