{"id":356,"date":"2019-09-20T19:47:50","date_gmt":"2019-09-20T19:47:50","guid":{"rendered":"https:\/\/krisesamband.no\/?p=356"},"modified":"2019-09-20T19:47:50","modified_gmt":"2019-09-20T19:47:50","slug":"apen-dag-dombas-beredskapssenter-20-9-19","status":"publish","type":"post","link":"https:\/\/krisesamband.no\/?p=356","title":{"rendered":"\u00c5pen dag Domb\u00e5s beredskapssenter 20.9.19"},"content":{"rendered":"<p>I kveld var LB4GH Torkell, LB6SE Svein og LB4CD Ola-Matti\u00a0 tilstede p\u00e5 \u00e5pen dag p\u00e5 beredskapssenteret p\u00e5 Domb\u00e5s. I tillegg var LA3TGA Lawrence p\u00e5 bes\u00f8k og i lag med oss. Det var artig, for Lawrence er over 90 \u00e5r. Det er \u00e5pne brannstasjoner rundt om i Norge denne uken, men p\u00e5 Domb\u00e5s er alle bl\u00e5lysetatene, samt frivillige i redningstjenesten invitert. Det var mye aktivitet i kveld.<\/p>\n<p>I \u00e5r beslagla vi hele stabsrommet, og rigget oss til for radiokj\u00f8ring. Det ble noen 2m kontakter over Innlandsnettet, og nesten 40 QSO p\u00e5 80 meter p\u00e5 et par timer. Vi hadde stadig vekk bes\u00f8k og publikum rundt v\u00e5r aktivitet. Vi hadde framme en del av utstyret vi bruker i sambandstjenesten.<\/p>\n<p>Vi synes dette er et trivelig og nyttig arrangement \u00e5 v\u00e6re med p\u00e5.<\/p>\n<p><img loading=\"lazy\" decoding=\"async\" class=\"alignnone size-medium wp-image-357\" src=\"https:\/\/krisesamband.no\/wp-content\/uploads\/2019\/09\/a\u030apen-dag-red-551kb-300x151.jpg\" alt=\"\" width=\"300\" height=\"151\" srcset=\"https:\/\/krisesamband.no\/wp-content\/uploads\/2019\/09\/a\u030apen-dag-red-551kb-300x151.jpg 300w, https:\/\/krisesamband.no\/wp-content\/uploads\/2019\/09\/a\u030apen-dag-red-551kb-768x387.jpg 768w, https:\/\/krisesamband.no\/wp-content\/uploads\/2019\/09\/a\u030apen-dag-red-551kb-1024x516.jpg 1024w, https:\/\/krisesamband.no\/wp-content\/uploads\/2019\/09\/a\u030apen-dag-red-551kb-960x484.jpg 960w\" sizes=\"auto, (max-width: 300px) 100vw, 300px\" \/><\/p>\n<p>P\u00e5 bildet: LB6SE diskuterer med LA3TGA. LB4CD kj\u00f8rer 80 meter SSB.<\/p>\n<p>&nbsp;<\/p>\n","protected":false},"excerpt":{"rendered":"<p>I kveld var LB4GH Torkell, LB6SE Svein og LB4CD Ola-Matti\u00a0 tilstede p\u00e5 \u00e5pen dag p\u00e5 beredskapssenteret p\u00e5 Domb\u00e5s. I tillegg var LA3TGA Lawrence p\u00e5 bes\u00f8k og i lag med oss. Det var artig, for Lawrence er over 90 \u00e5r. Det er \u00e5pne brannstasjoner rundt om i Norge denne uken, men p\u00e5 Domb\u00e5s er alle bl\u00e5lysetatene, <a href=\"https:\/\/krisesamband.no\/?p=356\" class=\"more-link\">\u2026 fortsett \u00e5 lese<span class=\"screen-reader-text\"> \u00ab\u00c5pen dag Domb\u00e5s beredskapssenter 20.9.19\u00bb<\/span><\/a><\/p>\n","protected":false},"author":4,"featured_media":0,"comment_status":"open","ping_status":"open","sticky":false,"template":"","format":"standard","meta":{"footnotes":""},"categories":[1],"tags":[],"class_list":{"0":"post-356","1":"post","2":"type-post","3":"status-publish","4":"format-standard","6":"category-sbi","7":"h-entry","8":"hentry","9":"h-as-article"},"_links":{"self":[{"href":"https:\/\/krisesamband.no\/index.php?rest_route=\/wp\/v2\/posts\/356","targetHints":{"allow":["GET"]}}],"collection":[{"href":"https:\/\/krisesamband.no\/index.php?rest_route=\/wp\/v2\/posts"}],"about":[{"href":"https:\/\/krisesamband.no\/index.php?rest_route=\/wp\/v2\/types\/post"}],"author":[{"embeddable":true,"href":"https:\/\/krisesamband.no\/index.php?rest_route=\/wp\/v2\/users\/4"}],"replies":[{"embeddable":true,"href":"https:\/\/krisesamband.no\/index.php?rest_route=%2Fwp%2Fv2%2Fcomments&post=356"}],"version-history":[{"count":1,"href":"https:\/\/krisesamband.no\/index.php?rest_route=\/wp\/v2\/posts\/356\/revisions"}],"predecessor-version":[{"id":358,"href":"https:\/\/krisesamband.no\/index.php?rest_route=\/wp\/v2\/posts\/356\/revisions\/358"}],"wp:attachment":[{"href":"https:\/\/krisesamband.no\/index.php?rest_route=%2Fwp%2Fv2%2Fmedia&parent=356"}],"wp:term":[{"taxonomy":"category","embeddable":true,"href":"https:\/\/krisesamband.no\/index.php?rest_route=%2Fwp%2Fv2%2Fcategories&post=356"},{"taxonomy":"post_tag","embeddable":true,"href":"https:\/\/krisesamband.no\/index.php?rest_route=%2Fwp%2Fv2%2Ftags&post=356"}],"curies":[{"name":"wp","href":"https:\/\/api.w.org\/{rel}","templated":true}]}}