{"id":529,"date":"2020-03-21T22:13:15","date_gmt":"2020-03-21T22:13:15","guid":{"rendered":"https:\/\/krisesamband.no\/?p=529"},"modified":"2020-03-21T22:28:59","modified_gmt":"2020-03-21T22:28:59","slug":"nytt-fra-nord-gudbrandsdalen-korona-2020","status":"publish","type":"post","link":"https:\/\/krisesamband.no\/?p=529","title":{"rendered":"Nytt fra Nord-Gudbrandsdalen, korona 2020."},"content":{"rendered":"<p><strong>Aktiviteter knytta til korona 2020, Domb\u00e5s beredskapssenter:<\/strong><\/p>\n<p><strong>11.3:<\/strong> Krisestab settes Lesja og Dovre kommuner. LB4CD innkalt.<\/p>\n<p><strong>13.3<\/strong>. LB4CD\/LE3EPA\/Krisestabsmedlem i lokalavisa Vigga. H<a href=\"https:\/\/www.vigga.no\/nyheter\/2020\/03\/13\/%E2%80%93-Vi-er-Norges-beste-p%C3%A5-dugnad-da-m%C3%A5-vi-v%C3%A6re-det-i-denne-dugnaden-ogs%C3%A5-21343218.ece?fbclid=IwAR0nKwX-ejgLbpv8XOxFS7l2Yom8AkyR_RxeUtY1x4LuQFybY2dRS2O9ViU\">ER.<\/a><\/p>\n<p><strong>16.3<\/strong>: N\u00f8dsambandsplan for Lesja og Dovre kommuner aktivert og gjort kjent for publikum. Se <a href=\"http:\/\/krisestab.no\/nodsamband-i-tilfelle-utfall-mobiltelefoni-fiberbrudd\">HER<\/a>.<\/p>\n<p><strong>16.3<\/strong> kveld: <a href=\"https:\/\/www.gd.no\/lesja-og-dovre-etablerer-eget-nodsamband\/s\/5-18-1087568\">GD-oppslag<\/a> om v\u00e5rt n\u00f8dsamband. (kan v\u00e6re aktuell referanse for andre kommuner)<\/p>\n<p><strong>17.3<\/strong>: \u00d8velse med Lesja og Dovre brannvesen. Brannbefalet \u00f8vde p\u00e5 \u00e5 sette opp crossbandlinkene v\u00e5re. Vi kj\u00f8rte samband p\u00e5 VHF fra Bjorli til KO p\u00e5 Domb\u00e5s med b\u00e5de frivillige og brannmenn. \u00d8velsen var beordret av beredskapssjefen.<\/p>\n<p><strong>19.3<\/strong>: Kontakt med Sel-kommune om sambandsutsyr. Dr\u00f8ftinger om bistand.<\/p>\n<p><strong>21.3<\/strong> Winlink-HF testa og QRV 24\/7 beredskapssenteret.<\/p>\n<p><strong>23.3<\/strong>: Orientering til Politiet lokalt om sambandsmuligheter fra beredskapssenteret ved Ekom-utfall.<\/p>\n<p>&nbsp;<\/p>\n<p>Har du gjennomf\u00f8rt sambandsaktiviteter i ditt n\u00e6romr\u00e5de, send inn stoff til webredakt\u00f8r Torkell: lb4gh (at) lb4gh.no<\/p>\n","protected":false},"excerpt":{"rendered":"<p>Aktiviteter knytta til korona 2020, Domb\u00e5s beredskapssenter: 11.3: Krisestab settes Lesja og Dovre kommuner. LB4CD innkalt. 13.3. LB4CD\/LE3EPA\/Krisestabsmedlem i lokalavisa Vigga. HER. 16.3: N\u00f8dsambandsplan for Lesja og Dovre kommuner aktivert og gjort kjent for publikum. Se HER. 16.3 kveld: GD-oppslag om v\u00e5rt n\u00f8dsamband. (kan v\u00e6re aktuell referanse for andre kommuner) 17.3: \u00d8velse med Lesja og <a href=\"https:\/\/krisesamband.no\/?p=529\" class=\"more-link\">\u2026 fortsett \u00e5 lese<span class=\"screen-reader-text\"> \u00abNytt fra Nord-Gudbrandsdalen, korona 2020.\u00bb<\/span><\/a><\/p>\n","protected":false},"author":4,"featured_media":0,"comment_status":"open","ping_status":"open","sticky":false,"template":"","format":"standard","meta":{"footnotes":""},"categories":[1],"tags":[],"class_list":{"0":"post-529","1":"post","2":"type-post","3":"status-publish","4":"format-standard","6":"category-sbi","7":"h-entry","8":"hentry","9":"h-as-article"},"_links":{"self":[{"href":"https:\/\/krisesamband.no\/index.php?rest_route=\/wp\/v2\/posts\/529","targetHints":{"allow":["GET"]}}],"collection":[{"href":"https:\/\/krisesamband.no\/index.php?rest_route=\/wp\/v2\/posts"}],"about":[{"href":"https:\/\/krisesamband.no\/index.php?rest_route=\/wp\/v2\/types\/post"}],"author":[{"embeddable":true,"href":"https:\/\/krisesamband.no\/index.php?rest_route=\/wp\/v2\/users\/4"}],"replies":[{"embeddable":true,"href":"https:\/\/krisesamband.no\/index.php?rest_route=%2Fwp%2Fv2%2Fcomments&post=529"}],"version-history":[{"count":9,"href":"https:\/\/krisesamband.no\/index.php?rest_route=\/wp\/v2\/posts\/529\/revisions"}],"predecessor-version":[{"id":538,"href":"https:\/\/krisesamband.no\/index.php?rest_route=\/wp\/v2\/posts\/529\/revisions\/538"}],"wp:attachment":[{"href":"https:\/\/krisesamband.no\/index.php?rest_route=%2Fwp%2Fv2%2Fmedia&parent=529"}],"wp:term":[{"taxonomy":"category","embeddable":true,"href":"https:\/\/krisesamband.no\/index.php?rest_route=%2Fwp%2Fv2%2Fcategories&post=529"},{"taxonomy":"post_tag","embeddable":true,"href":"https:\/\/krisesamband.no\/index.php?rest_route=%2Fwp%2Fv2%2Ftags&post=529"}],"curies":[{"name":"wp","href":"https:\/\/api.w.org\/{rel}","templated":true}]}}