{"id":803,"date":"2022-06-24T18:57:31","date_gmt":"2022-06-24T18:57:31","guid":{"rendered":"https:\/\/krisesamband.no\/?p=803"},"modified":"2022-06-26T10:58:55","modified_gmt":"2022-06-26T10:58:55","slug":"skogbrann-dovre-24-6-22-sporingstjeneste","status":"publish","type":"post","link":"https:\/\/krisesamband.no\/?p=803","title":{"rendered":"Skogbrann Dovre 24.6-25.6.22 sporingsaksjon."},"content":{"rendered":"<p>SKARP AKSJON SBI 24-25.06.22: SPORING AV MANNSKAP I FORBINDELSE MED SKOGBRANN, DOVRE.<\/p>\n<p>Mandag 20.6.22 p\u00e5 ettermiddagen br\u00f8t det ut en stor skogbrann i Dovre kommune. Det er mest trolig togets bremsing - og gnister fra bremsingen som har antent t\u00f8rr skog og mark i et bratt og ulendt omr\u00e5de. Dette har vanskeliggjort slukningsarbeidet. I starten var brannmannskaper fra hele Nord-Gudbrandsdalen involvert, samt slukketog og mannskap fra BaneNor. Mandag kveld var to skogbrannhelikoptre p\u00e5 plass; ett fra Torp og ett fra V\u00e6rnes. Det var helt n\u00f8dvendig for \u00e5 f\u00e5 kontroll. Det ble satt kriseledelse i kommunen i tilfelle behov for evakuering. N\u00e5 ble det heldigvis ikke det n\u00f8dvendig.<\/p>\n<p>I l\u00f8pet av onsdag og torsdag\u00a0 har brannen blusset opp igjen p\u00e5 grunn av varmt v\u00e6r og h\u00f8y temperatur. Fredag 24.6 var det mye mannskap i sving: lokale brannmannskaper, Sivilforsvaret\u00a0 - Lom, R\u00f8de Kors, Bane Nor og helikopter. I tillegg var Sambandstjenesten Innlandet, NRRLs sporingstjeneste \u00f8nsket.<\/p>\n<p>Den voldsomme skogbrannen har f\u00f8rt til at det har v\u00e6rt flere steinras, og det er risikofylt for mannskapet som driver manuelt slukkearbeid og bl\u00f8tlegging av omr\u00e5det langs Grindalsbekken, for \u00e5 lage et brannhinder. Av taktiske - og sikkerhetsmessige hensyn var v\u00e5r sporing \u00f8nsket. Innsatsleder f\u00e5r oversikt, og det samme har mannskapene som kan se hvor de selv og andre grupper er i terrenget.<\/p>\n<p>Vi er to mann som drifta fredagen. LB4GH Torkell tok hovedst\u00f8yten og LB4CD har bist\u00e5tt.<\/p>\n<p>Her er noen inntrykk:<\/p>\n<p><img loading=\"lazy\" decoding=\"async\" class=\"alignnone size-medium wp-image-804\" src=\"https:\/\/krisesamband.no\/wp-content\/uploads\/2022\/06\/Situasjonsbilde-skogbrann-Dovre-24.6-klokka-1056-APRS-web-mini-135x300.jpg\" alt=\"\" width=\"135\" height=\"300\" srcset=\"https:\/\/krisesamband.no\/wp-content\/uploads\/2022\/06\/Situasjonsbilde-skogbrann-Dovre-24.6-klokka-1056-APRS-web-mini-135x300.jpg 135w, https:\/\/krisesamband.no\/wp-content\/uploads\/2022\/06\/Situasjonsbilde-skogbrann-Dovre-24.6-klokka-1056-APRS-web-mini.jpg 343w\" sizes=\"auto, (max-width: 135px) 100vw, 135px\" \/>skjermbilde aprs.no 1056, 24.06<\/p>\n<p><img loading=\"lazy\" decoding=\"async\" class=\"alignnone wp-image-805\" src=\"https:\/\/krisesamband.no\/wp-content\/uploads\/2022\/06\/skogbrann-dovre-drone-2-Truls-Telle-web-mini-300x200.jpg\" alt=\"\" width=\"404\" height=\"269\" srcset=\"https:\/\/krisesamband.no\/wp-content\/uploads\/2022\/06\/skogbrann-dovre-drone-2-Truls-Telle-web-mini-300x200.jpg 300w, https:\/\/krisesamband.no\/wp-content\/uploads\/2022\/06\/skogbrann-dovre-drone-2-Truls-Telle-web-mini.jpg 627w\" sizes=\"auto, (max-width: 404px) 100vw, 404px\" \/> <img loading=\"lazy\" decoding=\"async\" class=\"alignnone size-medium wp-image-806\" src=\"https:\/\/krisesamband.no\/wp-content\/uploads\/2022\/06\/skogbrann-dovre-drone-6-Truls-telle-web-mini-300x200.jpg\" alt=\"\" width=\"300\" height=\"200\" srcset=\"https:\/\/krisesamband.no\/wp-content\/uploads\/2022\/06\/skogbrann-dovre-drone-6-Truls-telle-web-mini-300x200.jpg 300w, https:\/\/krisesamband.no\/wp-content\/uploads\/2022\/06\/skogbrann-dovre-drone-6-Truls-telle-web-mini.jpg 627w\" sizes=\"auto, (max-width: 300px) 100vw, 300px\" \/>Dronebildene er tatt av Truls Telle.<\/p>\n<p>Innlandet droneberedskap.<\/p>\n<p><img loading=\"lazy\" decoding=\"async\" class=\"alignnone size-medium wp-image-807\" src=\"https:\/\/krisesamband.no\/wp-content\/uploads\/2022\/06\/Sivilforsvaret-24.6-skogbrann-Dovre-18-mb-for-WEB-300x224.jpg\" alt=\"\" width=\"300\" height=\"224\" srcset=\"https:\/\/krisesamband.no\/wp-content\/uploads\/2022\/06\/Sivilforsvaret-24.6-skogbrann-Dovre-18-mb-for-WEB-300x224.jpg 300w, https:\/\/krisesamband.no\/wp-content\/uploads\/2022\/06\/Sivilforsvaret-24.6-skogbrann-Dovre-18-mb-for-WEB-1024x766.jpg 1024w, https:\/\/krisesamband.no\/wp-content\/uploads\/2022\/06\/Sivilforsvaret-24.6-skogbrann-Dovre-18-mb-for-WEB-768x574.jpg 768w, https:\/\/krisesamband.no\/wp-content\/uploads\/2022\/06\/Sivilforsvaret-24.6-skogbrann-Dovre-18-mb-for-WEB-960x718.jpg 960w, https:\/\/krisesamband.no\/wp-content\/uploads\/2022\/06\/Sivilforsvaret-24.6-skogbrann-Dovre-18-mb-for-WEB.jpg 1434w\" sizes=\"auto, (max-width: 300px) 100vw, 300px\" \/><\/p>\n<p>Foto: LB4CD<\/p>\n<p><img loading=\"lazy\" decoding=\"async\" class=\"alignnone size-medium wp-image-808\" src=\"https:\/\/krisesamband.no\/wp-content\/uploads\/2022\/06\/Skogbrann-Dovre-24-6-bil-og-heli-18-WEB-300x300.jpg\" alt=\"\" width=\"300\" height=\"300\" srcset=\"https:\/\/krisesamband.no\/wp-content\/uploads\/2022\/06\/Skogbrann-Dovre-24-6-bil-og-heli-18-WEB-300x300.jpg 300w, https:\/\/krisesamband.no\/wp-content\/uploads\/2022\/06\/Skogbrann-Dovre-24-6-bil-og-heli-18-WEB-1024x1024.jpg 1024w, https:\/\/krisesamband.no\/wp-content\/uploads\/2022\/06\/Skogbrann-Dovre-24-6-bil-og-heli-18-WEB-150x150.jpg 150w, https:\/\/krisesamband.no\/wp-content\/uploads\/2022\/06\/Skogbrann-Dovre-24-6-bil-og-heli-18-WEB-768x768.jpg 768w, https:\/\/krisesamband.no\/wp-content\/uploads\/2022\/06\/Skogbrann-Dovre-24-6-bil-og-heli-18-WEB-960x960.jpg 960w, https:\/\/krisesamband.no\/wp-content\/uploads\/2022\/06\/Skogbrann-Dovre-24-6-bil-og-heli-18-WEB-rotated.jpg 1448w\" sizes=\"auto, (max-width: 300px) 100vw, 300px\" \/><\/p>\n<p>Foto: LB4CD<\/p>\n<p><img loading=\"lazy\" decoding=\"async\" class=\"alignnone size-medium wp-image-811\" src=\"https:\/\/krisesamband.no\/wp-content\/uploads\/2022\/06\/2506221900-300x232.png\" alt=\"\" width=\"300\" height=\"232\" srcset=\"https:\/\/krisesamband.no\/wp-content\/uploads\/2022\/06\/2506221900-300x232.png 300w, https:\/\/krisesamband.no\/wp-content\/uploads\/2022\/06\/2506221900-768x595.png 768w, https:\/\/krisesamband.no\/wp-content\/uploads\/2022\/06\/2506221900-960x743.png 960w, https:\/\/krisesamband.no\/wp-content\/uploads\/2022\/06\/2506221900.png 971w\" sizes=\"auto, (max-width: 300px) 100vw, 300px\" \/> <img loading=\"lazy\" decoding=\"async\" class=\"alignnone size-medium wp-image-812\" src=\"https:\/\/krisesamband.no\/wp-content\/uploads\/2022\/06\/ber-sentre-program-trackere-300x300.jpg\" alt=\"\" width=\"300\" height=\"300\" srcset=\"https:\/\/krisesamband.no\/wp-content\/uploads\/2022\/06\/ber-sentre-program-trackere-300x300.jpg 300w, https:\/\/krisesamband.no\/wp-content\/uploads\/2022\/06\/ber-sentre-program-trackere-1024x1024.jpg 1024w, https:\/\/krisesamband.no\/wp-content\/uploads\/2022\/06\/ber-sentre-program-trackere-150x150.jpg 150w, https:\/\/krisesamband.no\/wp-content\/uploads\/2022\/06\/ber-sentre-program-trackere-768x768.jpg 768w, https:\/\/krisesamband.no\/wp-content\/uploads\/2022\/06\/ber-sentre-program-trackere-960x960.jpg 960w, https:\/\/krisesamband.no\/wp-content\/uploads\/2022\/06\/ber-sentre-program-trackere-rotated.jpg 1448w\" sizes=\"auto, (max-width: 300px) 100vw, 300px\" \/> <img loading=\"lazy\" decoding=\"async\" class=\"alignnone size-medium wp-image-813\" src=\"https:\/\/krisesamband.no\/wp-content\/uploads\/2022\/06\/Def-og-digi-300x300.jpg\" alt=\"\" width=\"300\" height=\"300\" srcset=\"https:\/\/krisesamband.no\/wp-content\/uploads\/2022\/06\/Def-og-digi-300x300.jpg 300w, https:\/\/krisesamband.no\/wp-content\/uploads\/2022\/06\/Def-og-digi-1024x1024.jpg 1024w, https:\/\/krisesamband.no\/wp-content\/uploads\/2022\/06\/Def-og-digi-150x150.jpg 150w, https:\/\/krisesamband.no\/wp-content\/uploads\/2022\/06\/Def-og-digi-768x768.jpg 768w, https:\/\/krisesamband.no\/wp-content\/uploads\/2022\/06\/Def-og-digi-960x960.jpg 960w, https:\/\/krisesamband.no\/wp-content\/uploads\/2022\/06\/Def-og-digi-rotated.jpg 1448w\" sizes=\"auto, (max-width: 300px) 100vw, 300px\" \/> <img loading=\"lazy\" decoding=\"async\" class=\"alignnone size-medium wp-image-814\" src=\"https:\/\/krisesamband.no\/wp-content\/uploads\/2022\/06\/Evaluering-lo-25.6-300x300.jpg\" alt=\"\" width=\"300\" height=\"300\" srcset=\"https:\/\/krisesamband.no\/wp-content\/uploads\/2022\/06\/Evaluering-lo-25.6-300x300.jpg 300w, https:\/\/krisesamband.no\/wp-content\/uploads\/2022\/06\/Evaluering-lo-25.6-1024x1024.jpg 1024w, https:\/\/krisesamband.no\/wp-content\/uploads\/2022\/06\/Evaluering-lo-25.6-150x150.jpg 150w, https:\/\/krisesamband.no\/wp-content\/uploads\/2022\/06\/Evaluering-lo-25.6-768x768.jpg 768w, https:\/\/krisesamband.no\/wp-content\/uploads\/2022\/06\/Evaluering-lo-25.6-960x960.jpg 960w, https:\/\/krisesamband.no\/wp-content\/uploads\/2022\/06\/Evaluering-lo-25.6-rotated.jpg 1448w\" sizes=\"auto, (max-width: 300px) 100vw, 300px\" \/> <img loading=\"lazy\" decoding=\"async\" class=\"alignnone size-medium wp-image-815\" src=\"https:\/\/krisesamband.no\/wp-content\/uploads\/2022\/06\/Heli-henter-vann-300x300.jpg\" alt=\"\" width=\"300\" height=\"300\" srcset=\"https:\/\/krisesamband.no\/wp-content\/uploads\/2022\/06\/Heli-henter-vann-300x300.jpg 300w, https:\/\/krisesamband.no\/wp-content\/uploads\/2022\/06\/Heli-henter-vann-1024x1024.jpg 1024w, https:\/\/krisesamband.no\/wp-content\/uploads\/2022\/06\/Heli-henter-vann-150x150.jpg 150w, https:\/\/krisesamband.no\/wp-content\/uploads\/2022\/06\/Heli-henter-vann-768x768.jpg 768w, https:\/\/krisesamband.no\/wp-content\/uploads\/2022\/06\/Heli-henter-vann-960x960.jpg 960w, https:\/\/krisesamband.no\/wp-content\/uploads\/2022\/06\/Heli-henter-vann-rotated.jpg 1448w\" sizes=\"auto, (max-width: 300px) 100vw, 300px\" \/> <img loading=\"lazy\" decoding=\"async\" class=\"alignnone size-medium wp-image-816\" src=\"https:\/\/krisesamband.no\/wp-content\/uploads\/2022\/06\/kontordrift-25.6-300x300.jpg\" alt=\"\" width=\"300\" height=\"300\" srcset=\"https:\/\/krisesamband.no\/wp-content\/uploads\/2022\/06\/kontordrift-25.6-300x300.jpg 300w, https:\/\/krisesamband.no\/wp-content\/uploads\/2022\/06\/kontordrift-25.6-1024x1024.jpg 1024w, https:\/\/krisesamband.no\/wp-content\/uploads\/2022\/06\/kontordrift-25.6-150x150.jpg 150w, https:\/\/krisesamband.no\/wp-content\/uploads\/2022\/06\/kontordrift-25.6-768x768.jpg 768w, https:\/\/krisesamband.no\/wp-content\/uploads\/2022\/06\/kontordrift-25.6-960x960.jpg 960w, https:\/\/krisesamband.no\/wp-content\/uploads\/2022\/06\/kontordrift-25.6-rotated.jpg 1448w\" sizes=\"auto, (max-width: 300px) 100vw, 300px\" \/><\/p>\n<p>Oppstarten p\u00e5 fredag var litt spesiell, men en interessant erfaring:<\/p>\n<p>Undertegnede var p\u00e5 i Oslo p\u00e5 konsert, og jeg ble oppringt av brannsjefen i Lesja og Dovre kommuner klokka 0917, midt i hotellfrokosten. Han \u00f8nsket v\u00e5r sporingstjeneste p\u00e5 plass s\u00e5 fort som mulig. Vi ble enige om at han kunne forsyne seg med trackere fra beredskapssenteret, og s\u00e5 skulle jeg ordne folk til drift.<\/p>\n<p>LB4GH hadde akkurat tatt sommerferie og takka ja til \u00e5 drifte aprs-kartet fra hjemmekontoret i Heidal. Kontakt med brannsjefen via telefon. Omr\u00e5det aksjonen har foreg\u00e5tt i er delvis dekt av infrastruktur vi har g\u00e5ende i det daglige.<\/p>\n<p>Som en kuriositet kan nevnes at vi hadde et sp\u00f8rsm\u00e5l til fagleder NRRLS karttjenester \u00d8yvind - han svarte oss fra Etiopia p\u00e5 telefon. Det m\u00e5 sies \u00e5 v\u00e6re god service fra NRRLS fagleder!<\/p>\n<p>Undertegnede overtok stafettpinnen fredag kveld, og jeg henta alle trackere til lading n\u00e5r de ga seg for kvelden. Jeg starta l\u00f8rdagen med \u00e5 delta p\u00e5 en brief p\u00e5 brannstasjonen l\u00f8rdag morgen. Der viste jeg alle spor fra dagen f\u00f8r i kartet, og befalet kunne diskutere dagens strategi ut fra g\u00e5rdagens bevegelser. Det ble oppfatta som nyttig og positivt. Jeg delte ut trackere, 10 stk, og svingte meg ned i omr\u00e5det og satte opp en ekstra fill-in digipeater. Det er en Microsat-digi kobla til en Yaesu 8900, 100Ah batteri og ei Diamond X-30. Trackerne ute var en blanding av Sainsonic AP 510 og Byonics AIO. Sistnevnte bruker vi p\u00e5 kj\u00f8ret\u00f8y. De sm\u00e5 p\u00e5 mannskap.<\/p>\n<p>Det var stor trafikk og god signalgang hele l\u00f8rdagen. V\u00e5r karttjenste ble brukt p\u00e5 ymse vis: I KO av leder f.eks i samarbeid med skogbrannhelikopteret slik at de ikke skulle slippe store mengder vann for n\u00e6rt mannskap i teigen. Av mannskapet via mobiltelefon for \u00e5 vite hvor de og andre lag var til enhver tid, og til evaluering som nevnt.<\/p>\n<p>Mens LA8NJA, Torgeir, drifta kartet p\u00e5 l\u00f8rdag ettermiddag, hadde LB4GH Torkell og jeg en runde med programmering av 5 nye Sainsonic trackere. Dette var i tilfelle aksjonen skulle dra ut, og man f\u00e5r ladebehov undervegs. Disse to dagene var enkle \u00e5 drifte i og med at vi kunne lade p\u00e5 natta.<\/p>\n<p>P\u00e5 l\u00f8rdag kveld kom det heldigvis et regnskyll. S\u00f8ndag er det meldt torden og bygev\u00e6r. Brannvesenet driver p\u00e5 noen punkter i dag s\u00f8ndag, men den store aksjonen er avbl\u00e5st. Vi har rydda og line og satt alt til lading, og s\u00e5 h\u00e5per vi at det ikke blusser opp igjen. Uansett; skarpe aksjoner gj\u00f8r oss skjerpa og bedre, og v\u00e5re ressurser blir brukt og lagt merke til.<\/p>\n<p>Takk til LB4GH Torkell, LA8NJA Torgeir, LA2VTA Leif Konrad og undertegnede LB4CD Ola-Matti for drift av aksjonen, samt de som hadde meldt seg p\u00e5 vaktlista til s\u00f8ndag: LA6ETA Henrik, LA7DLA Espen og LA3TR Thor Ove.<\/p>\n<p>73 de LB4CD, Ola-Matti<\/p>\n<p>&nbsp;<\/p>\n","protected":false},"excerpt":{"rendered":"<p>SKARP AKSJON SBI 24-25.06.22: SPORING AV MANNSKAP I FORBINDELSE MED SKOGBRANN, DOVRE. Mandag 20.6.22 p\u00e5 ettermiddagen br\u00f8t det ut en stor skogbrann i Dovre kommune. Det er mest trolig togets bremsing - og gnister fra bremsingen som har antent t\u00f8rr skog og mark i et bratt og ulendt omr\u00e5de. Dette har vanskeliggjort slukningsarbeidet. I starten <a href=\"https:\/\/krisesamband.no\/?p=803\" class=\"more-link\">\u2026 fortsett \u00e5 lese<span class=\"screen-reader-text\"> \u00abSkogbrann Dovre 24.6-25.6.22 sporingsaksjon.\u00bb<\/span><\/a><\/p>\n","protected":false},"author":4,"featured_media":815,"comment_status":"open","ping_status":"open","sticky":false,"template":"","format":"standard","meta":{"footnotes":""},"categories":[1],"tags":[],"class_list":{"0":"post-803","1":"post","2":"type-post","3":"status-publish","4":"format-standard","5":"has-post-thumbnail","7":"category-sbi","8":"h-entry","9":"hentry","10":"h-as-article"},"_links":{"self":[{"href":"https:\/\/krisesamband.no\/index.php?rest_route=\/wp\/v2\/posts\/803","targetHints":{"allow":["GET"]}}],"collection":[{"href":"https:\/\/krisesamband.no\/index.php?rest_route=\/wp\/v2\/posts"}],"about":[{"href":"https:\/\/krisesamband.no\/index.php?rest_route=\/wp\/v2\/types\/post"}],"author":[{"embeddable":true,"href":"https:\/\/krisesamband.no\/index.php?rest_route=\/wp\/v2\/users\/4"}],"replies":[{"embeddable":true,"href":"https:\/\/krisesamband.no\/index.php?rest_route=%2Fwp%2Fv2%2Fcomments&post=803"}],"version-history":[{"count":6,"href":"https:\/\/krisesamband.no\/index.php?rest_route=\/wp\/v2\/posts\/803\/revisions"}],"predecessor-version":[{"id":820,"href":"https:\/\/krisesamband.no\/index.php?rest_route=\/wp\/v2\/posts\/803\/revisions\/820"}],"wp:featuredmedia":[{"embeddable":true,"href":"https:\/\/krisesamband.no\/index.php?rest_route=\/wp\/v2\/media\/815"}],"wp:attachment":[{"href":"https:\/\/krisesamband.no\/index.php?rest_route=%2Fwp%2Fv2%2Fmedia&parent=803"}],"wp:term":[{"taxonomy":"category","embeddable":true,"href":"https:\/\/krisesamband.no\/index.php?rest_route=%2Fwp%2Fv2%2Fcategories&post=803"},{"taxonomy":"post_tag","embeddable":true,"href":"https:\/\/krisesamband.no\/index.php?rest_route=%2Fwp%2Fv2%2Ftags&post=803"}],"curies":[{"name":"wp","href":"https:\/\/api.w.org\/{rel}","templated":true}]}}