{"id":822,"date":"2022-06-27T11:23:02","date_gmt":"2022-06-27T11:23:02","guid":{"rendered":"https:\/\/krisesamband.no\/?p=822"},"modified":"2022-06-27T11:23:02","modified_gmt":"2022-06-27T11:23:02","slug":"farevarsel-for-styrtregn-pa-ostlandet","status":"publish","type":"post","link":"https:\/\/krisesamband.no\/?p=822","title":{"rendered":"Farevarsel for styrtregn p\u00e5 \u00d8stlandet"},"content":{"rendered":"<p>Det er sendt ut gult farevarsel for kraftige regnbyger, tordenv\u00e6r og lyn p\u00e5 \u00d8stlandet i ettermiddag.<br \/>\nVarslet gjelder omr\u00e5det fra R\u00f8ros til s\u00f8r for Oslo, og faren for styrtregn, lyn og torden \u00f8ker ved 14-tida i dag.<\/p>\n<p>Det blir store lokale variasjoner i intensitet og mengde, og v\u00e6ret kan endres raskt, melder Yr.<\/p>\n<p>Det er ogs\u00e5 sendt ut oransje farevarsel for flomfare i bekker og elver i fjellstr\u00f8kene nordvest i S\u00f8r-Norge, blant dem Rauma og Driva.<\/p>\n","protected":false},"excerpt":{"rendered":"<p>Det er sendt ut gult farevarsel for kraftige regnbyger, tordenv\u00e6r og lyn p\u00e5 \u00d8stlandet i ettermiddag. Varslet gjelder omr\u00e5det fra R\u00f8ros til s\u00f8r for Oslo, og faren for styrtregn, lyn og torden \u00f8ker ved 14-tida i dag. Det blir store lokale variasjoner i intensitet og mengde, og v\u00e6ret kan endres raskt, melder Yr. Det er <a href=\"https:\/\/krisesamband.no\/?p=822\" class=\"more-link\">\u2026 fortsett \u00e5 lese<span class=\"screen-reader-text\"> \u00abFarevarsel for styrtregn p\u00e5 \u00d8stlandet\u00bb<\/span><\/a><\/p>\n","protected":false},"author":6,"featured_media":0,"comment_status":"open","ping_status":"open","sticky":false,"template":"","format":"standard","meta":{"footnotes":""},"categories":[1],"tags":[],"class_list":{"0":"post-822","1":"post","2":"type-post","3":"status-publish","4":"format-standard","6":"category-sbi","7":"h-entry","8":"hentry","9":"h-as-article"},"_links":{"self":[{"href":"https:\/\/krisesamband.no\/index.php?rest_route=\/wp\/v2\/posts\/822","targetHints":{"allow":["GET"]}}],"collection":[{"href":"https:\/\/krisesamband.no\/index.php?rest_route=\/wp\/v2\/posts"}],"about":[{"href":"https:\/\/krisesamband.no\/index.php?rest_route=\/wp\/v2\/types\/post"}],"author":[{"embeddable":true,"href":"https:\/\/krisesamband.no\/index.php?rest_route=\/wp\/v2\/users\/6"}],"replies":[{"embeddable":true,"href":"https:\/\/krisesamband.no\/index.php?rest_route=%2Fwp%2Fv2%2Fcomments&post=822"}],"version-history":[{"count":1,"href":"https:\/\/krisesamband.no\/index.php?rest_route=\/wp\/v2\/posts\/822\/revisions"}],"predecessor-version":[{"id":823,"href":"https:\/\/krisesamband.no\/index.php?rest_route=\/wp\/v2\/posts\/822\/revisions\/823"}],"wp:attachment":[{"href":"https:\/\/krisesamband.no\/index.php?rest_route=%2Fwp%2Fv2%2Fmedia&parent=822"}],"wp:term":[{"taxonomy":"category","embeddable":true,"href":"https:\/\/krisesamband.no\/index.php?rest_route=%2Fwp%2Fv2%2Fcategories&post=822"},{"taxonomy":"post_tag","embeddable":true,"href":"https:\/\/krisesamband.no\/index.php?rest_route=%2Fwp%2Fv2%2Ftags&post=822"}],"curies":[{"name":"wp","href":"https:\/\/api.w.org\/{rel}","templated":true}]}}