{"id":843,"date":"2022-09-24T10:49:25","date_gmt":"2022-09-24T10:49:25","guid":{"rendered":"https:\/\/krisesamband.no\/?p=843"},"modified":"2022-09-24T10:49:25","modified_gmt":"2022-09-24T10:49:25","slug":"apen-dag-dombas-23-9-22","status":"publish","type":"post","link":"https:\/\/krisesamband.no\/?p=843","title":{"rendered":"\u00c5pen dag Domb\u00e5s 23.9.22"},"content":{"rendered":"<p>SBi deltok med 2 medlemmer: LB4GH og LB4CD \u00e5pen dag p\u00e5 beredskapssenteret Domb\u00e5s, i forbindelse med nasjonal brannvernuke og \u00e5pne brannstasjoner over hele landet. Vi var invitert sammen med andre frivillige som R\u00f8de Kors, NRH, Dronepilot og deltok for 6. gang. Det var et sted mellom 150-200 bes\u00f8kende mellom klokka 17-20, fredag ettermiddag 23.9<\/p>\n<p>Vi hadde framme KO-kassa med alt tilbeh\u00f8r, samt radioaktivitet for alle som ville pr\u00f8ve.<\/p>\n<p>Se noen inntrykk <a href=\"https:\/\/youtu.be\/-9ZXEWYjKfQ\">HER.<\/a><\/p>\n","protected":false},"excerpt":{"rendered":"<p>SBi deltok med 2 medlemmer: LB4GH og LB4CD \u00e5pen dag p\u00e5 beredskapssenteret Domb\u00e5s, i forbindelse med nasjonal brannvernuke og \u00e5pne brannstasjoner over hele landet. Vi var invitert sammen med andre frivillige som R\u00f8de Kors, NRH, Dronepilot og deltok for 6. gang. Det var et sted mellom 150-200 bes\u00f8kende mellom klokka 17-20, fredag ettermiddag 23.9 Vi <a href=\"https:\/\/krisesamband.no\/?p=843\" class=\"more-link\">\u2026 fortsett \u00e5 lese<span class=\"screen-reader-text\"> \u00ab\u00c5pen dag Domb\u00e5s 23.9.22\u00bb<\/span><\/a><\/p>\n","protected":false},"author":4,"featured_media":844,"comment_status":"open","ping_status":"open","sticky":false,"template":"","format":"standard","meta":{"footnotes":""},"categories":[1],"tags":[8],"class_list":{"0":"post-843","1":"post","2":"type-post","3":"status-publish","4":"format-standard","5":"has-post-thumbnail","7":"category-sbi","8":"tag-apen-dag-dombas","9":"h-entry","10":"hentry","11":"h-as-article"},"_links":{"self":[{"href":"https:\/\/krisesamband.no\/index.php?rest_route=\/wp\/v2\/posts\/843","targetHints":{"allow":["GET"]}}],"collection":[{"href":"https:\/\/krisesamband.no\/index.php?rest_route=\/wp\/v2\/posts"}],"about":[{"href":"https:\/\/krisesamband.no\/index.php?rest_route=\/wp\/v2\/types\/post"}],"author":[{"embeddable":true,"href":"https:\/\/krisesamband.no\/index.php?rest_route=\/wp\/v2\/users\/4"}],"replies":[{"embeddable":true,"href":"https:\/\/krisesamband.no\/index.php?rest_route=%2Fwp%2Fv2%2Fcomments&post=843"}],"version-history":[{"count":1,"href":"https:\/\/krisesamband.no\/index.php?rest_route=\/wp\/v2\/posts\/843\/revisions"}],"predecessor-version":[{"id":845,"href":"https:\/\/krisesamband.no\/index.php?rest_route=\/wp\/v2\/posts\/843\/revisions\/845"}],"wp:featuredmedia":[{"embeddable":true,"href":"https:\/\/krisesamband.no\/index.php?rest_route=\/wp\/v2\/media\/844"}],"wp:attachment":[{"href":"https:\/\/krisesamband.no\/index.php?rest_route=%2Fwp%2Fv2%2Fmedia&parent=843"}],"wp:term":[{"taxonomy":"category","embeddable":true,"href":"https:\/\/krisesamband.no\/index.php?rest_route=%2Fwp%2Fv2%2Fcategories&post=843"},{"taxonomy":"post_tag","embeddable":true,"href":"https:\/\/krisesamband.no\/index.php?rest_route=%2Fwp%2Fv2%2Ftags&post=843"}],"curies":[{"name":"wp","href":"https:\/\/api.w.org\/{rel}","templated":true}]}}