{"id":888,"date":"2022-10-04T16:54:49","date_gmt":"2022-10-04T16:54:49","guid":{"rendered":"https:\/\/krisesamband.no\/?p=888"},"modified":"2022-10-04T16:54:49","modified_gmt":"2022-10-04T16:54:49","slug":"gult-farevarsel-for-vind-ons-5-10-22","status":"publish","type":"post","link":"https:\/\/krisesamband.no\/?p=888","title":{"rendered":"Gult farevarsel for vind ons 5.10.22"},"content":{"rendered":"<p>Det er varslet sterke vindkast i morgen onsdag, ettermiddag og kveld.<\/p>\n<p>Se for eksempel her: <a href=\"https:\/\/www.vg.no\/nyheter\/innenriks\/i\/XbqaOW\/naa-slaar-hoestvaeret-inn-for-fullt\">https:\/\/www.vg.no\/nyheter\/innenriks\/i\/XbqaOW\/naa-slaar-hoestvaeret-inn-for-fullt<\/a><\/p>\n<p>Vi vet av erfaring at tre som velter overende i vinden kan kutte b\u00e5de str\u00f8m og til og med bredb\u00e5ndsforbindelser. Husker du denne i 2018: <a href=\"https:\/\/www.gd.no\/nar-nettet-bare-dor\/o\/5-18-1050913\">https:\/\/www.gd.no\/nar-nettet-bare-dor\/o\/5-18-1050913<\/a><\/p>\n<p>Vi \u00f8ker ikke beredskapen, men har \u00f8rer og \u00f8yne \u00e5pne der vi bor og lever. Varsle internt ved behov.<\/p>\n<p><img decoding=\"async\" src=\"https:\/\/pbs.twimg.com\/media\/FeN_MTtWAAAcXY5?format=jpg&amp;name=small\" alt=\"Image\" \/><\/p>\n","protected":false},"excerpt":{"rendered":"<p>Det er varslet sterke vindkast i morgen onsdag, ettermiddag og kveld. Se for eksempel her: https:\/\/www.vg.no\/nyheter\/innenriks\/i\/XbqaOW\/naa-slaar-hoestvaeret-inn-for-fullt Vi vet av erfaring at tre som velter overende i vinden kan kutte b\u00e5de str\u00f8m og til og med bredb\u00e5ndsforbindelser. Husker du denne i 2018: https:\/\/www.gd.no\/nar-nettet-bare-dor\/o\/5-18-1050913 Vi \u00f8ker ikke beredskapen, men har \u00f8rer og \u00f8yne \u00e5pne der vi bor <a href=\"https:\/\/krisesamband.no\/?p=888\" class=\"more-link\">\u2026 fortsett \u00e5 lese<span class=\"screen-reader-text\"> \u00abGult farevarsel for vind ons 5.10.22\u00bb<\/span><\/a><\/p>\n","protected":false},"author":4,"featured_media":889,"comment_status":"open","ping_status":"open","sticky":false,"template":"","format":"standard","meta":{"footnotes":""},"categories":[1],"tags":[],"class_list":{"0":"post-888","1":"post","2":"type-post","3":"status-publish","4":"format-standard","5":"has-post-thumbnail","7":"category-sbi","8":"h-entry","9":"hentry","10":"h-as-article"},"_links":{"self":[{"href":"https:\/\/krisesamband.no\/index.php?rest_route=\/wp\/v2\/posts\/888","targetHints":{"allow":["GET"]}}],"collection":[{"href":"https:\/\/krisesamband.no\/index.php?rest_route=\/wp\/v2\/posts"}],"about":[{"href":"https:\/\/krisesamband.no\/index.php?rest_route=\/wp\/v2\/types\/post"}],"author":[{"embeddable":true,"href":"https:\/\/krisesamband.no\/index.php?rest_route=\/wp\/v2\/users\/4"}],"replies":[{"embeddable":true,"href":"https:\/\/krisesamband.no\/index.php?rest_route=%2Fwp%2Fv2%2Fcomments&post=888"}],"version-history":[{"count":1,"href":"https:\/\/krisesamband.no\/index.php?rest_route=\/wp\/v2\/posts\/888\/revisions"}],"predecessor-version":[{"id":890,"href":"https:\/\/krisesamband.no\/index.php?rest_route=\/wp\/v2\/posts\/888\/revisions\/890"}],"wp:featuredmedia":[{"embeddable":true,"href":"https:\/\/krisesamband.no\/index.php?rest_route=\/wp\/v2\/media\/889"}],"wp:attachment":[{"href":"https:\/\/krisesamband.no\/index.php?rest_route=%2Fwp%2Fv2%2Fmedia&parent=888"}],"wp:term":[{"taxonomy":"category","embeddable":true,"href":"https:\/\/krisesamband.no\/index.php?rest_route=%2Fwp%2Fv2%2Fcategories&post=888"},{"taxonomy":"post_tag","embeddable":true,"href":"https:\/\/krisesamband.no\/index.php?rest_route=%2Fwp%2Fv2%2Ftags&post=888"}],"curies":[{"name":"wp","href":"https:\/\/api.w.org\/{rel}","templated":true}]}}