{"id":898,"date":"2022-10-06T12:40:49","date_gmt":"2022-10-06T12:40:49","guid":{"rendered":"https:\/\/krisesamband.no\/?p=898"},"modified":"2022-10-06T12:40:49","modified_gmt":"2022-10-06T12:40:49","slug":"ref-fra-styremote-i-sbi-tirsdag-4-oktober","status":"publish","type":"post","link":"https:\/\/krisesamband.no\/?p=898","title":{"rendered":"Ref. fra styrem\u00f8te i SBI tirsdag 4. oktober"},"content":{"rendered":"<p>Styre i SBI hadde m\u00f8te tirsdag 4. oktober via MS Teams.<\/p>\n<p>P\u00e5 dette m\u00f8te ble det enighet om at innsjekk p\u00e5 Innlandsnettet p\u00e5 s\u00f8ndager flyttes til kl. 19:30NT.<\/p>\n<p>Det ble ogs\u00e5 vedtatt at i SBI s\u00e5 skal 145.475 med sub 71.9 p\u00e5 b\u00e5de TX og RX brukes som arbeidsfrekvens n\u00e5r vi er ute p\u00e5 oppdrag eller ved \u00f8velser.<\/p>\n<p>Det var ogs\u00e5 flere andre ting som ble diskutert som det skal jobbes videre med av styre.<\/p>\n<p>Neste styrem\u00f8te blir 25. oktober 2022<\/p>\n","protected":false},"excerpt":{"rendered":"<p>Styre i SBI hadde m\u00f8te tirsdag 4. oktober via MS Teams. P\u00e5 dette m\u00f8te ble det enighet om at innsjekk p\u00e5 Innlandsnettet p\u00e5 s\u00f8ndager flyttes til kl. 19:30NT. Det ble ogs\u00e5 vedtatt at i SBI s\u00e5 skal 145.475 med sub 71.9 p\u00e5 b\u00e5de TX og RX brukes som arbeidsfrekvens n\u00e5r vi er ute p\u00e5 oppdrag <a href=\"https:\/\/krisesamband.no\/?p=898\" class=\"more-link\">\u2026 fortsett \u00e5 lese<span class=\"screen-reader-text\"> \u00abRef. fra styrem\u00f8te i SBI tirsdag 4. oktober\u00bb<\/span><\/a><\/p>\n","protected":false},"author":6,"featured_media":0,"comment_status":"open","ping_status":"open","sticky":false,"template":"","format":"standard","meta":{"footnotes":""},"categories":[1],"tags":[],"class_list":{"0":"post-898","1":"post","2":"type-post","3":"status-publish","4":"format-standard","6":"category-sbi","7":"h-entry","8":"hentry","9":"h-as-article"},"_links":{"self":[{"href":"https:\/\/krisesamband.no\/index.php?rest_route=\/wp\/v2\/posts\/898","targetHints":{"allow":["GET"]}}],"collection":[{"href":"https:\/\/krisesamband.no\/index.php?rest_route=\/wp\/v2\/posts"}],"about":[{"href":"https:\/\/krisesamband.no\/index.php?rest_route=\/wp\/v2\/types\/post"}],"author":[{"embeddable":true,"href":"https:\/\/krisesamband.no\/index.php?rest_route=\/wp\/v2\/users\/6"}],"replies":[{"embeddable":true,"href":"https:\/\/krisesamband.no\/index.php?rest_route=%2Fwp%2Fv2%2Fcomments&post=898"}],"version-history":[{"count":1,"href":"https:\/\/krisesamband.no\/index.php?rest_route=\/wp\/v2\/posts\/898\/revisions"}],"predecessor-version":[{"id":899,"href":"https:\/\/krisesamband.no\/index.php?rest_route=\/wp\/v2\/posts\/898\/revisions\/899"}],"wp:attachment":[{"href":"https:\/\/krisesamband.no\/index.php?rest_route=%2Fwp%2Fv2%2Fmedia&parent=898"}],"wp:term":[{"taxonomy":"category","embeddable":true,"href":"https:\/\/krisesamband.no\/index.php?rest_route=%2Fwp%2Fv2%2Fcategories&post=898"},{"taxonomy":"post_tag","embeddable":true,"href":"https:\/\/krisesamband.no\/index.php?rest_route=%2Fwp%2Fv2%2Ftags&post=898"}],"curies":[{"name":"wp","href":"https:\/\/api.w.org\/{rel}","templated":true}]}}