{"id":928,"date":"2022-10-28T18:05:52","date_gmt":"2022-10-28T18:05:52","guid":{"rendered":"https:\/\/krisesamband.no\/?p=928"},"modified":"2022-10-28T18:34:55","modified_gmt":"2022-10-28T18:34:55","slug":"samarbeid-med-sor-fron-kommune-og-sambandstest","status":"publish","type":"post","link":"https:\/\/krisesamband.no\/?p=928","title":{"rendered":"Samarbeid med S\u00f8r-Fron kommune og sambandstest!"},"content":{"rendered":"<p>Vi samarbeider n\u00e5 med f\u00f8lgende kommuner:<\/p>\n<p>Lesja, Dovre, Sel og S\u00f8r-Fron. <strong>Den siste utviklingen er i S\u00f8r-Fron, og v\u00e5r mann LB9UE rapporterer f\u00f8lgende:<\/strong><\/p>\n<p style=\"font-weight: 400\">\"V\u00e5ren 2022 tok jeg kontakt med R\u00e5dmannen i S\u00f8r-Fron kommune og informerte om SBI og hva vi kunne tilby, han ble ivrig og inviterte meg til \u00e5 holde en presentasjon av SBI i det kommunale beredskapsr\u00e5det. Presentasjon ble holdt den 1.juni 2022 for beredskapsr\u00e5det med deltakere fra: Politi, Brann, Heimevernet, Sivilforsvaret, R\u00f8de Kors, Kommuneoverlege, R\u00e5dmann og Ordf\u00f8rer. Dette ble suksess og det ble umiddelbart inng\u00e5tt samarbeid, r\u00e5dmann og ordf\u00f8rer ville ha antenne p\u00e5 taket Jeg fikk etter dette m\u00f8tet tillatelse til \u00e5 g\u00e5 til innkj\u00f8p av utstyr. Jeg bestilte da f\u00f8lgende fra Christech A\/S: Yaesu FTM-400XD vhf\/uhf transceiver, MS-1230BA Power Supply, Yaesu SMB-201 Base brakett, Diamond SX-400 swr\/watt meter og Diamond X-30 vhf\/uhf antenne. Dette er n\u00e5 montert, og for det meste i arbeidstiden da jeg er ansatt p\u00e5 huset. Demonstrasjon av ferdig oppsett ble utf\u00f8rt p\u00e5 forrige m\u00f8te i det kommunale beredskapsr\u00e5det 26.10.2022, dette fungerte utmerket med innsjekk fra stasjoner i Oslo, R\u00e6lingen, Gj\u00f8vik, Vinstra og Otta. SBI er n\u00e5 godt inne i S\u00f8r-Fron kommune hvor det etter hvert skal \u00f8ves p\u00e5 dette med ekom utfall og demonstrasjon av winlink.\" <strong>LB9UE, Tom Erik<\/strong><\/p>\n<p><img loading=\"lazy\" decoding=\"async\" class=\"alignnone size-medium wp-image-932\" src=\"https:\/\/krisesamband.no\/wp-content\/uploads\/2022\/10\/SOR-FROn-K-hus-med-x-30-169x300.jpg\" alt=\"\" width=\"169\" height=\"300\" srcset=\"https:\/\/krisesamband.no\/wp-content\/uploads\/2022\/10\/SOR-FROn-K-hus-med-x-30-169x300.jpg 169w, https:\/\/krisesamband.no\/wp-content\/uploads\/2022\/10\/SOR-FROn-K-hus-med-x-30-576x1024.jpg 576w, https:\/\/krisesamband.no\/wp-content\/uploads\/2022\/10\/SOR-FROn-K-hus-med-x-30-768x1365.jpg 768w, https:\/\/krisesamband.no\/wp-content\/uploads\/2022\/10\/SOR-FROn-K-hus-med-x-30-864x1536.jpg 864w, https:\/\/krisesamband.no\/wp-content\/uploads\/2022\/10\/SOR-FROn-K-hus-med-x-30-960x1706.jpg 960w, https:\/\/krisesamband.no\/wp-content\/uploads\/2022\/10\/SOR-FROn-K-hus-med-x-30-rotated.jpg 1086w\" sizes=\"auto, (max-width: 169px) 100vw, 169px\" \/><\/p>\n<p><img loading=\"lazy\" decoding=\"async\" class=\"alignnone size-medium wp-image-931\" src=\"https:\/\/krisesamband.no\/wp-content\/uploads\/2022\/10\/20221027_134137-2-169x300.jpg\" alt=\"\" width=\"169\" height=\"300\" srcset=\"https:\/\/krisesamband.no\/wp-content\/uploads\/2022\/10\/20221027_134137-2-169x300.jpg 169w, https:\/\/krisesamband.no\/wp-content\/uploads\/2022\/10\/20221027_134137-2-576x1024.jpg 576w, https:\/\/krisesamband.no\/wp-content\/uploads\/2022\/10\/20221027_134137-2-768x1365.jpg 768w, https:\/\/krisesamband.no\/wp-content\/uploads\/2022\/10\/20221027_134137-2-864x1536.jpg 864w, https:\/\/krisesamband.no\/wp-content\/uploads\/2022\/10\/20221027_134137-2-1152x2048.jpg 1152w, https:\/\/krisesamband.no\/wp-content\/uploads\/2022\/10\/20221027_134137-2-960x1707.jpg 960w, https:\/\/krisesamband.no\/wp-content\/uploads\/2022\/10\/20221027_134137-2-scaled.jpg 1440w\" sizes=\"auto, (max-width: 169px) 100vw, 169px\" \/><\/p>\n<p><img loading=\"lazy\" decoding=\"async\" class=\"alignnone size-medium wp-image-933\" src=\"https:\/\/krisesamband.no\/wp-content\/uploads\/2022\/10\/IMG_00651-300x225.jpg\" alt=\"\" width=\"300\" height=\"225\" srcset=\"https:\/\/krisesamband.no\/wp-content\/uploads\/2022\/10\/IMG_00651-300x225.jpg 300w, https:\/\/krisesamband.no\/wp-content\/uploads\/2022\/10\/IMG_00651-768x576.jpg 768w, https:\/\/krisesamband.no\/wp-content\/uploads\/2022\/10\/IMG_00651-960x720.jpg 960w, https:\/\/krisesamband.no\/wp-content\/uploads\/2022\/10\/IMG_00651.jpg 1024w\" sizes=\"auto, (max-width: 300px) 100vw, 300px\" \/><\/p>\n<p>Her er lydfila fra sambandstesten mot S\u00f8r-Fron kommune:<\/p>\n<p>&nbsp;<\/p>\n<p><a href=\"https:\/\/www.dropbox.com\/s\/tearhrx3jk35ilk\/Innlandsnett%20lb9ue%20fra%20k-hus%20s%C3%B8r%20fron.m4a?dl=0&amp;fbclid=IwAR2uwyrSWdwVe2ooU_On8L-_mhomK98TBJDWwHXw5tit4WHQcF2ya0klacU\">https:\/\/www.dropbox.com\/s\/tearhrx3jk35ilk\/Innlandsnett%20lb9ue%20fra%20k-hus%20s%C3%B8r%20fron.m4a?dl=0&amp;fbclid=IwAR2uwyrSWdwVe2ooU_On8L-_mhomK98TBJDWwHXw5tit4WHQcF2ya0klacU<\/a><\/p>\n<p>&nbsp;<\/p>\n","protected":false},"excerpt":{"rendered":"<p>Vi samarbeider n\u00e5 med f\u00f8lgende kommuner: Lesja, Dovre, Sel og S\u00f8r-Fron. Den siste utviklingen er i S\u00f8r-Fron, og v\u00e5r mann LB9UE rapporterer f\u00f8lgende: \"V\u00e5ren 2022 tok jeg kontakt med R\u00e5dmannen i S\u00f8r-Fron kommune og informerte om SBI og hva vi kunne tilby, han ble ivrig og inviterte meg til \u00e5 holde en presentasjon av SBI <a href=\"https:\/\/krisesamband.no\/?p=928\" class=\"more-link\">\u2026 fortsett \u00e5 lese<span class=\"screen-reader-text\"> \u00abSamarbeid med S\u00f8r-Fron kommune og sambandstest!\u00bb<\/span><\/a><\/p>\n","protected":false},"author":4,"featured_media":0,"comment_status":"open","ping_status":"open","sticky":false,"template":"","format":"standard","meta":{"footnotes":""},"categories":[1],"tags":[],"class_list":{"0":"post-928","1":"post","2":"type-post","3":"status-publish","4":"format-standard","6":"category-sbi","7":"h-entry","8":"hentry","9":"h-as-article"},"_links":{"self":[{"href":"https:\/\/krisesamband.no\/index.php?rest_route=\/wp\/v2\/posts\/928","targetHints":{"allow":["GET"]}}],"collection":[{"href":"https:\/\/krisesamband.no\/index.php?rest_route=\/wp\/v2\/posts"}],"about":[{"href":"https:\/\/krisesamband.no\/index.php?rest_route=\/wp\/v2\/types\/post"}],"author":[{"embeddable":true,"href":"https:\/\/krisesamband.no\/index.php?rest_route=\/wp\/v2\/users\/4"}],"replies":[{"embeddable":true,"href":"https:\/\/krisesamband.no\/index.php?rest_route=%2Fwp%2Fv2%2Fcomments&post=928"}],"version-history":[{"count":2,"href":"https:\/\/krisesamband.no\/index.php?rest_route=\/wp\/v2\/posts\/928\/revisions"}],"predecessor-version":[{"id":936,"href":"https:\/\/krisesamband.no\/index.php?rest_route=\/wp\/v2\/posts\/928\/revisions\/936"}],"wp:attachment":[{"href":"https:\/\/krisesamband.no\/index.php?rest_route=%2Fwp%2Fv2%2Fmedia&parent=928"}],"wp:term":[{"taxonomy":"category","embeddable":true,"href":"https:\/\/krisesamband.no\/index.php?rest_route=%2Fwp%2Fv2%2Fcategories&post=928"},{"taxonomy":"post_tag","embeddable":true,"href":"https:\/\/krisesamband.no\/index.php?rest_route=%2Fwp%2Fv2%2Ftags&post=928"}],"curies":[{"name":"wp","href":"https:\/\/api.w.org\/{rel}","templated":true}]}}