{"id":970,"date":"2023-01-15T15:23:12","date_gmt":"2023-01-15T15:23:12","guid":{"rendered":"https:\/\/krisesamband.no\/?p=970"},"modified":"2023-01-15T15:27:19","modified_gmt":"2023-01-15T15:27:19","slug":"medlemsmote-5februar","status":"publish","type":"post","link":"https:\/\/krisesamband.no\/?p=970","title":{"rendered":"MEDLEMSM\u00d8TE 5:FEBRUAR"},"content":{"rendered":"<p>Hei SBI medlemmer !<\/p>\n<p>Vi inviterer til medlemsm\u00f8te p\u00e5 Birkebeinerkontoret, Fabrikkveien 2, 2450 RENA den 5.februar 2023, kl 1200.<\/p>\n<p>Hensikten med m\u00f8tet er prim\u00e6rt \u00e5 treffes slik at vi blir bedre kjent og ha ett trivelig samv\u00e6r med sambandsfaglig prat. Det blir servert kaffe og \"biteti\" kl 1200 og pizza ca kl 1330.<\/p>\n<p>LB4CD Ola-Matti vil vise hvor lett der er \u00e5 komme i gang med Winlink og vise hvordan Winlink fungerer i praksis. Vi h\u00e5per \u00e5 f\u00e5 satt opp operativt utstyr p\u00e5 HF og VHF. Denne kommunikasjonsmuligheten kan bli etterspurt i en krisesituasjon og er noe vi m\u00e5 v\u00e6re i stand til \u00e5 bruke.<\/p>\n<p>Leder i Sambandstjeneste i Norge, LA6ETA Henrik kommer og vil fortelle hva som skjer i Sambandstjenesten sentralt og i andre deler av landet. Det er nyttig med en peptalk og f\u00e5 ideer til aktiviteter vi kan benytte oss av.<\/p>\n<p>Vi ser fram til ett trivelig, interessant, og nyttig samv\u00e6r !<\/p>\n<p>P\u00e5melding innen 1.februar til SBI@NRRL.no , sms\/telefon til 97017910 Torgeir, eller i tr\u00e5den p\u00e5 Facebook.<\/p>\n<p>73 de<br \/>\nStyret i SBI<\/p>\n","protected":false},"excerpt":{"rendered":"<p>Hei SBI medlemmer ! Vi inviterer til medlemsm\u00f8te p\u00e5 Birkebeinerkontoret, Fabrikkveien 2, 2450 RENA den 5.februar 2023, kl 1200. Hensikten med m\u00f8tet er prim\u00e6rt \u00e5 treffes slik at vi blir bedre kjent og ha ett trivelig samv\u00e6r med sambandsfaglig prat. Det blir servert kaffe og \"biteti\" kl 1200 og pizza ca kl 1330. LB4CD Ola-Matti <a href=\"https:\/\/krisesamband.no\/?p=970\" class=\"more-link\">\u2026 fortsett \u00e5 lese<span class=\"screen-reader-text\"> \u00abMEDLEMSM\u00d8TE 5:FEBRUAR\u00bb<\/span><\/a><\/p>\n","protected":false},"author":10,"featured_media":0,"comment_status":"open","ping_status":"open","sticky":false,"template":"","format":"standard","meta":{"footnotes":""},"categories":[1],"tags":[12],"class_list":{"0":"post-970","1":"post","2":"type-post","3":"status-publish","4":"format-standard","6":"category-sbi","7":"tag-mote-rena","8":"h-entry","9":"hentry","10":"h-as-article"},"_links":{"self":[{"href":"https:\/\/krisesamband.no\/index.php?rest_route=\/wp\/v2\/posts\/970","targetHints":{"allow":["GET"]}}],"collection":[{"href":"https:\/\/krisesamband.no\/index.php?rest_route=\/wp\/v2\/posts"}],"about":[{"href":"https:\/\/krisesamband.no\/index.php?rest_route=\/wp\/v2\/types\/post"}],"author":[{"embeddable":true,"href":"https:\/\/krisesamband.no\/index.php?rest_route=\/wp\/v2\/users\/10"}],"replies":[{"embeddable":true,"href":"https:\/\/krisesamband.no\/index.php?rest_route=%2Fwp%2Fv2%2Fcomments&post=970"}],"version-history":[{"count":4,"href":"https:\/\/krisesamband.no\/index.php?rest_route=\/wp\/v2\/posts\/970\/revisions"}],"predecessor-version":[{"id":974,"href":"https:\/\/krisesamband.no\/index.php?rest_route=\/wp\/v2\/posts\/970\/revisions\/974"}],"wp:attachment":[{"href":"https:\/\/krisesamband.no\/index.php?rest_route=%2Fwp%2Fv2%2Fmedia&parent=970"}],"wp:term":[{"taxonomy":"category","embeddable":true,"href":"https:\/\/krisesamband.no\/index.php?rest_route=%2Fwp%2Fv2%2Fcategories&post=970"},{"taxonomy":"post_tag","embeddable":true,"href":"https:\/\/krisesamband.no\/index.php?rest_route=%2Fwp%2Fv2%2Ftags&post=970"}],"curies":[{"name":"wp","href":"https:\/\/api.w.org\/{rel}","templated":true}]}}