{"id":985,"date":"2023-01-22T19:22:50","date_gmt":"2023-01-22T19:22:50","guid":{"rendered":"https:\/\/krisesamband.no\/?p=985"},"modified":"2023-01-22T19:23:05","modified_gmt":"2023-01-22T19:23:05","slug":"sambandsfaglig-forum","status":"publish","type":"post","link":"https:\/\/krisesamband.no\/?p=985","title":{"rendered":"SAMBANDSFAGLIG FORUM"},"content":{"rendered":"<h1><strong>Sambandsfaglig Forum 2023<\/strong><\/h1>\n<pre>Norsk Radio Rel\u00e6 Ligas sambandstjeneste inviterer til Sambandsfaglig Forum 2023!\r\nHelgen 17.-19. februar 2023 m\u00f8tes vi p\u00e5 Sanner Hotell, Hadeland.\r\nDetaljprogram for helgen er ikke klart enda, men sett av datoen og du kan allerede n\u00e5 starte\r\njakten p\u00e5 rimelige billetter om du er avhengig av skyss som krever slik.\r\nVi vil fylle helgen med faglig p\u00e5fyll innen flere fagomr\u00e5der og niv\u00e5er og vi \u00f8nsker \u00e5 ta noen\r\nstrategiske diskusjoner (men ikke beslutninger) i rolige, behagelige og \u00e6rverdige omgivelser\r\nkombinert med god mat og gode venner og kollegaer. Oppstart blir fredag kl 1800, og\r\nprogrammet varer til s\u00f8ndag kl 1500.\r\nDet kommer til \u00e5 bli b\u00e5de praktiske \u00f8velser \/ oppgaver og diskusjonssaker som omhandler\r\nSambandstjenestens fremtidsutsikter og tjenesteutvikling. Dette skal v\u00e6re med \u00e5 legge\r\ngrunnlaget for videre arbeid b\u00e5de lokalt og nasjonalt.\r\nDeltagelse:\r\nPri. 1: nr 1 fra hver gruppe med egenbetaling kr. 750,- for kost\/losji hele helgen\r\nPri. 2: nr 2 fra hver gruppe med egenbetaling kr. 1.650,- for kost\/losji hele helgen\r\nVi prioriterer plass til pri 1 f\u00f8r pri 2 for \u00e5 sikre deltagelse fra flest mulig grupper\r\nReise:\r\nEgenbetaling reise vil v\u00e6re kr. 300,- . Reisekostnad over 300,- vil som hovedregel dekkes etter faktiske utlegg med inntil kr. 2.000,-\r\nVi oppfordrer alle til \u00e5 tenke rimelige billetter, bestill tidlig (selv om vi er sent ute) og\r\nreis sammen!\r\nDet vil bli satt opp buss med en avgang fra OSL til Sanner p\u00e5 fredag, og retur p\u00e5 s\u00f8ndag.\r\nP\u00e5melding: <a href=\"https:\/\/tinyurl.com\/sff2023\">https:\/\/tinyurl.com\/sff2023<\/a>\r\n<strong><u>FRIST: 01\/02\/2023<\/u><\/strong>\r\n\r\nDet er bindende p\u00e5melding og faktura for egenbetaling vil bli sendt n\u00e5r p\u00e5melding er\r\nbekreftet. Det forutsettes at deltagere deltar p\u00e5 hele samlingen hvis ikke annet er avtalt.\r\nVed avbrudd\/ikke deltagelse vil de faktiske kostnadene for helgen i sin helhet bli fakturert\r\ndeltager.\r\nFor NRRL Sambandstjenesten\r\nHenrik Solhaug\r\nLeder<\/pre>\n","protected":false},"excerpt":{"rendered":"<p>Sambandsfaglig Forum 2023 Norsk Radio Rel\u00e6 Ligas sambandstjeneste inviterer til Sambandsfaglig Forum 2023! Helgen 17.-19. februar 2023 m\u00f8tes vi p\u00e5 Sanner Hotell, Hadeland. Detaljprogram for helgen er ikke klart enda, men sett av datoen og du kan allerede n\u00e5 starte jakten p\u00e5 rimelige billetter om du er avhengig av skyss som krever slik. Vi vil <a href=\"https:\/\/krisesamband.no\/?p=985\" class=\"more-link\">\u2026 fortsett \u00e5 lese<span class=\"screen-reader-text\"> \u00abSAMBANDSFAGLIG FORUM\u00bb<\/span><\/a><\/p>\n","protected":false},"author":10,"featured_media":0,"comment_status":"open","ping_status":"open","sticky":false,"template":"","format":"standard","meta":{"footnotes":""},"categories":[1],"tags":[13],"class_list":{"0":"post-985","1":"post","2":"type-post","3":"status-publish","4":"format-standard","6":"category-sbi","7":"tag-sambandsfaglig-forum","8":"h-entry","9":"hentry","10":"h-as-article"},"_links":{"self":[{"href":"https:\/\/krisesamband.no\/index.php?rest_route=\/wp\/v2\/posts\/985","targetHints":{"allow":["GET"]}}],"collection":[{"href":"https:\/\/krisesamband.no\/index.php?rest_route=\/wp\/v2\/posts"}],"about":[{"href":"https:\/\/krisesamband.no\/index.php?rest_route=\/wp\/v2\/types\/post"}],"author":[{"embeddable":true,"href":"https:\/\/krisesamband.no\/index.php?rest_route=\/wp\/v2\/users\/10"}],"replies":[{"embeddable":true,"href":"https:\/\/krisesamband.no\/index.php?rest_route=%2Fwp%2Fv2%2Fcomments&post=985"}],"version-history":[{"count":3,"href":"https:\/\/krisesamband.no\/index.php?rest_route=\/wp\/v2\/posts\/985\/revisions"}],"predecessor-version":[{"id":989,"href":"https:\/\/krisesamband.no\/index.php?rest_route=\/wp\/v2\/posts\/985\/revisions\/989"}],"wp:attachment":[{"href":"https:\/\/krisesamband.no\/index.php?rest_route=%2Fwp%2Fv2%2Fmedia&parent=985"}],"wp:term":[{"taxonomy":"category","embeddable":true,"href":"https:\/\/krisesamband.no\/index.php?rest_route=%2Fwp%2Fv2%2Fcategories&post=985"},{"taxonomy":"post_tag","embeddable":true,"href":"https:\/\/krisesamband.no\/index.php?rest_route=%2Fwp%2Fv2%2Ftags&post=985"}],"curies":[{"name":"wp","href":"https:\/\/api.w.org\/{rel}","templated":true}]}}