{"id":996,"date":"2023-01-29T18:51:25","date_gmt":"2023-01-29T18:51:25","guid":{"rendered":"https:\/\/krisesamband.no\/?p=996"},"modified":"2023-01-29T18:51:25","modified_gmt":"2023-01-29T18:51:25","slug":"sambandsfaglig-forum-paminnelse","status":"publish","type":"post","link":"https:\/\/krisesamband.no\/?p=996","title":{"rendered":"Sambandsfaglig forum-p\u00e5minnelse"},"content":{"rendered":"<p>Minner om at fristen for p\u00e5melding er 1. februar.\u00a0 Dette blir garantert en nyttig og trivelig samling .<\/p>\n<p>&nbsp;<\/p>\n<p>Norsk Radio Rel\u00e6 Ligas sambandstjeneste inviterer til Sambandsfaglig Forum 2023!<br \/>\nHelgen 17.-19. februar 2023 m\u00f8tes vi p\u00e5 Sanner Hotell, Hadeland.<br \/>\nDetaljprogram for helgen er ikke klart enda, men sett av datoen og du kan allerede n\u00e5 starte<br \/>\njakten p\u00e5 rimelige billetter om du er avhengig av skyss som krever slik.<br \/>\nVi vil fylle helgen med faglig p\u00e5fyll innen flere fagomr\u00e5der og niv\u00e5er og vi \u00f8nsker \u00e5 ta noen<br \/>\nstrategiske diskusjoner (men ikke beslutninger) i rolige, behagelige og \u00e6rverdige omgivelser<br \/>\nkombinert med god mat og gode venner og kollegaer. Oppstart blir fredag kl 1800, og<br \/>\nprogrammet varer til s\u00f8ndag kl 1500.<br \/>\nDet kommer til \u00e5 bli b\u00e5de praktiske \u00f8velser \/ oppgaver og diskusjonssaker som omhandler<br \/>\nSambandstjenestens fremtidsutsikter og tjenesteutvikling. Dette skal v\u00e6re med \u00e5 legge<br \/>\ngrunnlaget for videre arbeid b\u00e5de lokalt og nasjonalt.<br \/>\nDeltagelse:<br \/>\nPri. 1: nr 1 fra hver gruppe med egenbetaling kr. 750,- for kost\/losji hele helgen<br \/>\nPri. 2: nr 2 fra hver gruppe med egenbetaling kr. 1.650,- for kost\/losji hele helgen<br \/>\nVi prioriterer plass til pri 1 f\u00f8r pri 2 for \u00e5 sikre deltagelse fra flest mulig grupper<br \/>\nReise:<br \/>\nEgenbetaling reise vil v\u00e6re kr. 300,- . Reisekostnad over 300,- vil som hovedregel<br \/>\ndekkes etter faktiske utlegg med inntil kr. 2.000,-<br \/>\nVi oppfordrer alle til \u00e5 tenke rimelige billetter, bestill tidlig (selv om vi er sent ute) og<br \/>\nreis sammen!<br \/>\nDet vil bli satt opp buss med en avgang fra OSL til Sanner p\u00e5 fredag, og retur p\u00e5<br \/>\ns\u00f8ndag.<br \/>\nP\u00e5melding:<br \/>\nhttps:\/\/tinyurl.com\/sff2023<br \/>\nFRIST: 01\/02\/2023<\/p>\n<p>Det er bindende p\u00e5melding og faktura for egenbetaling vil bli sendt n\u00e5r p\u00e5melding er<br \/>\nbekreftet. Det forutsettes at deltagere deltar p\u00e5 hele samlingen hvis ikke annet er avtalt. Ved<br \/>\navbrudd\/ikke deltagelse vil de faktiske kostnadene for helgen i sin helhet bli fakturert<br \/>\ndeltager.<\/p>\n<p>For NRRL Sambandstjenesten<\/p>\n<p>Henrik Solhaug<\/p>\n","protected":false},"excerpt":{"rendered":"<p>Minner om at fristen for p\u00e5melding er 1. februar.\u00a0 Dette blir garantert en nyttig og trivelig samling . &nbsp; Norsk Radio Rel\u00e6 Ligas sambandstjeneste inviterer til Sambandsfaglig Forum 2023! Helgen 17.-19. februar 2023 m\u00f8tes vi p\u00e5 Sanner Hotell, Hadeland. Detaljprogram for helgen er ikke klart enda, men sett av datoen og du kan allerede n\u00e5 <a href=\"https:\/\/krisesamband.no\/?p=996\" class=\"more-link\">\u2026 fortsett \u00e5 lese<span class=\"screen-reader-text\"> \u00abSambandsfaglig forum-p\u00e5minnelse\u00bb<\/span><\/a><\/p>\n","protected":false},"author":10,"featured_media":0,"comment_status":"open","ping_status":"open","sticky":false,"template":"","format":"standard","meta":{"footnotes":""},"categories":[1],"tags":[],"class_list":{"0":"post-996","1":"post","2":"type-post","3":"status-publish","4":"format-standard","6":"category-sbi","7":"h-entry","8":"hentry","9":"h-as-article"},"_links":{"self":[{"href":"https:\/\/krisesamband.no\/index.php?rest_route=\/wp\/v2\/posts\/996","targetHints":{"allow":["GET"]}}],"collection":[{"href":"https:\/\/krisesamband.no\/index.php?rest_route=\/wp\/v2\/posts"}],"about":[{"href":"https:\/\/krisesamband.no\/index.php?rest_route=\/wp\/v2\/types\/post"}],"author":[{"embeddable":true,"href":"https:\/\/krisesamband.no\/index.php?rest_route=\/wp\/v2\/users\/10"}],"replies":[{"embeddable":true,"href":"https:\/\/krisesamband.no\/index.php?rest_route=%2Fwp%2Fv2%2Fcomments&post=996"}],"version-history":[{"count":1,"href":"https:\/\/krisesamband.no\/index.php?rest_route=\/wp\/v2\/posts\/996\/revisions"}],"predecessor-version":[{"id":997,"href":"https:\/\/krisesamband.no\/index.php?rest_route=\/wp\/v2\/posts\/996\/revisions\/997"}],"wp:attachment":[{"href":"https:\/\/krisesamband.no\/index.php?rest_route=%2Fwp%2Fv2%2Fmedia&parent=996"}],"wp:term":[{"taxonomy":"category","embeddable":true,"href":"https:\/\/krisesamband.no\/index.php?rest_route=%2Fwp%2Fv2%2Fcategories&post=996"},{"taxonomy":"post_tag","embeddable":true,"href":"https:\/\/krisesamband.no\/index.php?rest_route=%2Fwp%2Fv2%2Ftags&post=996"}],"curies":[{"name":"wp","href":"https:\/\/api.w.org\/{rel}","templated":true}]}}